{"id":95194,"date":"2023-01-27T09:19:38","date_gmt":"2023-01-27T07:19:38","guid":{"rendered":"https:\/\/www.giurgiuveanul.ro\/stiri\/?p=95194"},"modified":"2023-01-27T09:20:07","modified_gmt":"2023-01-27T07:20:07","slug":"accident-rutier-in-zona-localitatii-floresti-azi-noapte-foto","status":"publish","type":"post","link":"https:\/\/www.giurgiuveanul.ro\/stiri\/accident-rutier-in-zona-localitatii-floresti-azi-noapte-foto\/","title":{"rendered":"ACCIDENT RUTIER \u00een zona localit\u0103\u021bii Flore\u0219ti, azi-noapte (FOTO)"},"content":{"rendered":"<p style=\"text-align: justify;\"><strong><a href=\"https:\/\/www.giurgiuveanul.ro\/stiri\/wp-content\/uploads\/2023\/01\/WhatsApp-Image-2023-01-27-at-08.21.51.jpeg\"><img loading=\"lazy\" decoding=\"async\" class=\"aligncenter wp-image-95195\" src=\"https:\/\/www.giurgiuveanul.ro\/stiri\/wp-content\/uploads\/2023\/01\/WhatsApp-Image-2023-01-27-at-08.21.51-508x450.jpeg\" alt=\"\" width=\"577\" height=\"511\" srcset=\"https:\/\/www.giurgiuveanul.ro\/stiri\/wp-content\/uploads\/2023\/01\/WhatsApp-Image-2023-01-27-at-08.21.51-508x450.jpeg 508w, https:\/\/www.giurgiuveanul.ro\/stiri\/wp-content\/uploads\/2023\/01\/WhatsApp-Image-2023-01-27-at-08.21.51-250x222.jpeg 250w, https:\/\/www.giurgiuveanul.ro\/stiri\/wp-content\/uploads\/2023\/01\/WhatsApp-Image-2023-01-27-at-08.21.51-768x681.jpeg 768w, https:\/\/www.giurgiuveanul.ro\/stiri\/wp-content\/uploads\/2023\/01\/WhatsApp-Image-2023-01-27-at-08.21.51-400x355.jpeg 400w, https:\/\/www.giurgiuveanul.ro\/stiri\/wp-content\/uploads\/2023\/01\/WhatsApp-Image-2023-01-27-at-08.21.51.jpeg 1128w\" sizes=\"auto, (max-width: 577px) 100vw, 577px\" \/><\/a>Aproape de<!--more--> miezul nop\u021bii, pompierii au fost solicita\u021bi s\u0103 intervin\u0103 \u00een cazul unui accident rutier ce s-a produs pe A1 Bucure\u0219ti-Pite\u0219ti, la km 35, \u00een zona localit\u0103\u021bii Flore\u0219ti, informeaz\u0103 ISU Giurgiu.<\/strong><\/p>\n<p style=\"text-align: justify;\">La fa\u021ba locului s-au deplasat pompierii din cadrul Deta\u0219amentului Bolintin Deal, cu o descarcerare, o autospecial\u0103 de stingere \u0219i o ambulan\u021b\u0103 SMURD.<\/p>\n<p style=\"text-align: justify;\">Ace\u0219tia au g\u0103sit un autoturism \u00een afara p\u0103r\u021bii carosabile, \u00eentr-un loc cu vizibilitate redus\u0103 din cauza stuf\u0103ri\u0219ului de pe marginea drumului. Conduc\u0103toarea\u00a0 auto era blocat\u0103 \u00een interior. Femeia, \u00een v\u00e2rst\u0103 de 51 de ani, con\u0219tient\u0103 \u0219i cooperant\u0103, a fost extras\u0103 \u00een siguran\u021b\u0103 \u0219i preluat\u0103 de echipajul SMURD.<\/p>\n<p style=\"text-align: justify;\">Dup\u0103 acordarea primului ajutor, aceasta a refuzat transportul la spital.<\/p>\n","protected":false},"excerpt":{"rendered":"<p>Aproape de<\/p>\n","protected":false},"author":1,"featured_media":0,"comment_status":"open","ping_status":"open","sticky":false,"template":"","format":"standard","meta":{"footnotes":""},"categories":[6],"tags":[],"class_list":["post-95194","post","type-post","status-publish","format-standard","hentry","category-breaking-news"],"_links":{"self":[{"href":"https:\/\/www.giurgiuveanul.ro\/stiri\/wp-json\/wp\/v2\/posts\/95194","targetHints":{"allow":["GET"]}}],"collection":[{"href":"https:\/\/www.giurgiuveanul.ro\/stiri\/wp-json\/wp\/v2\/posts"}],"about":[{"href":"https:\/\/www.giurgiuveanul.ro\/stiri\/wp-json\/wp\/v2\/types\/post"}],"author":[{"embeddable":true,"href":"https:\/\/www.giurgiuveanul.ro\/stiri\/wp-json\/wp\/v2\/users\/1"}],"replies":[{"embeddable":true,"href":"https:\/\/www.giurgiuveanul.ro\/stiri\/wp-json\/wp\/v2\/comments?post=95194"}],"version-history":[{"count":0,"href":"https:\/\/www.giurgiuveanul.ro\/stiri\/wp-json\/wp\/v2\/posts\/95194\/revisions"}],"wp:attachment":[{"href":"https:\/\/www.giurgiuveanul.ro\/stiri\/wp-json\/wp\/v2\/media?parent=95194"}],"wp:term":[{"taxonomy":"category","embeddable":true,"href":"https:\/\/www.giurgiuveanul.ro\/stiri\/wp-json\/wp\/v2\/categories?post=95194"},{"taxonomy":"post_tag","embeddable":true,"href":"https:\/\/www.giurgiuveanul.ro\/stiri\/wp-json\/wp\/v2\/tags?post=95194"}],"curies":[{"name":"wp","href":"https:\/\/api.w.org\/{rel}","templated":true}]}}