{"id":95199,"date":"2023-01-27T18:37:26","date_gmt":"2023-01-27T16:37:26","guid":{"rendered":"https:\/\/www.giurgiuveanul.ro\/stiri\/?p=95199"},"modified":"2023-01-27T18:37:26","modified_gmt":"2023-01-27T16:37:26","slug":"institutia-prefectului-judetului-giurgiu-situatia-epidemiologica-actualizata-la-nivelul-unitatilor-de-invatamant-din-judetul-nostru","status":"publish","type":"post","link":"https:\/\/www.giurgiuveanul.ro\/stiri\/institutia-prefectului-judetului-giurgiu-situatia-epidemiologica-actualizata-la-nivelul-unitatilor-de-invatamant-din-judetul-nostru\/","title":{"rendered":"Institu\u0163ia Prefectului Jude\u0163ului Giurgiu. Situa\u021bia epidemiologic\u0103 actualizat\u0103 la nivelul unit\u0103\u021bilor de \u00eenv\u0103\u021b\u0103m\u00e2nt din jude\u021bul nostru"},"content":{"rendered":"<p style=\"text-align: justify;\"><strong><a href=\"https:\/\/www.giurgiuveanul.ro\/stiri\/wp-content\/uploads\/2023\/01\/000-prfectura-giurgiu.jpg\"><img loading=\"lazy\" decoding=\"async\" class=\"aligncenter  wp-image-95200\" src=\"https:\/\/www.giurgiuveanul.ro\/stiri\/wp-content\/uploads\/2023\/01\/000-prfectura-giurgiu-560x324.jpg\" alt=\"\" width=\"576\" height=\"333\" srcset=\"https:\/\/www.giurgiuveanul.ro\/stiri\/wp-content\/uploads\/2023\/01\/000-prfectura-giurgiu-560x324.jpg 560w, https:\/\/www.giurgiuveanul.ro\/stiri\/wp-content\/uploads\/2023\/01\/000-prfectura-giurgiu-250x145.jpg 250w, https:\/\/www.giurgiuveanul.ro\/stiri\/wp-content\/uploads\/2023\/01\/000-prfectura-giurgiu-768x444.jpg 768w, https:\/\/www.giurgiuveanul.ro\/stiri\/wp-content\/uploads\/2023\/01\/000-prfectura-giurgiu-400x231.jpg 400w, https:\/\/www.giurgiuveanul.ro\/stiri\/wp-content\/uploads\/2023\/01\/000-prfectura-giurgiu.jpg 1000w\" sizes=\"auto, (max-width: 576px) 100vw, 576px\" \/><\/a>\u00cen\u00a0 s\u0103pt\u0103m\u00e2na 25-27 ianuarie, la nivelul jude\u021bului Giurgiu au fost \u00eenregistrate, pe baza datelor comunicate de unit\u0103\u021bile de \u00eenv\u0103\u021b\u0103m\u00e2nt, un num\u0103r de<!--more--> 15 cazuri de grip\u0103 (cu patru mai pu\u021bine fa\u021b\u0103 de s\u0103pt\u0103m\u00e2na anterioar\u0103) \u015fi 72 de cazuri viroze respiratorii (cu dou\u0103 mai multe fa\u021b\u0103 de s\u0103pt\u0103m\u00e2na anterioar\u0103).<\/strong><\/p>\n<p style=\"text-align: justify;\">\u00cen contextul relu\u0103rii cursurilor \u00eencep\u00e2nd cu data de 9 ianuarie 2023, Inspectoratul \u0218colar Jude\u021bean Giurgiu a sprijinit unit\u0103\u021bile de \u00eenv\u0103\u021b\u0103m\u00e2nt \u00een vederea desf\u0103\u0219ur\u0103rii procesului educa\u021bional \u00een condi\u021bii normale, av\u00e2nd \u00een vedere instituirea st\u0103rii de alert\u0103 epidemiologic\u0103 din cauza gripei. \u00cen acest sens, au fost desf\u0103\u0219urate urm\u0103toarele ac\u021biuni:<\/p>\n<ol style=\"text-align: justify;\">\n<li>a) desemnarea unei persoane responsabile pentru comunicarea permanent\u0103 cu D.S.P. Giurgiu;<\/li>\n<\/ol>\n<p style=\"text-align: justify;\">\n<ol style=\"text-align: justify;\">\n<li>b) comunicarea c\u0103tre unit\u0103\u021bile de \u00eenv\u0103\u021b\u0103m\u00e2nt a m\u0103surilor de prevenire a \u00eemboln\u0103virilor cu virusul gripal, transmise de Ministerul S\u0103n\u0103t\u0103\u021bii, inclusiv sub forma unui ghid practic pe \u00een\u021belesul tuturor;<\/li>\n<\/ol>\n<p style=\"text-align: justify;\">\n<ol style=\"text-align: justify;\">\n<li>c) informarea Ministerului Educa\u021biei cu privire la orice situa\u021bie excep\u021bional\u0103 din punct de vedere epidemiologic constatat\u0103 \u00een unit\u0103\u021bile de \u00eenv\u0103\u021b\u0103m\u00e2nt;<\/li>\n<\/ol>\n<p style=\"text-align: justify;\">\n<ol style=\"text-align: justify;\">\n<li>d) realizarea unei situa\u021bii statistice s\u0103pt\u0103m\u00e2nale cu privire la num\u0103rul de cazuri de grip\u0103 \u0219i viroze respiratorii \u00eenregistrate la nivelul unit\u0103\u021bilor de \u00eenv\u0103\u021b\u0103m\u00e2nt din jude\u021bul Giurgiu.<\/li>\n<\/ol>\n<p style=\"text-align: justify;\">\n<p style=\"text-align: justify;\">La nivelul unit\u0103\u021bilor de \u00eenv\u0103\u021b\u0103m\u00e2nt preuniversitar din jude\u021bul Giurgiu au fost luate urm\u0103toarele m\u0103suri:<\/p>\n<p style=\"text-align: justify;\">\n<ol style=\"text-align: justify;\">\n<li>a) diseminarea c\u0103tre elevi \u0219i p\u0103rin\u021bi sau reprezentan\u021bii legali ai elevilor\/pre\u0219colarilor a informa\u021biilor cu privire la recunoa\u0219terea simptomelor de grip\u0103 sau alte infec\u021bii respiratori;<\/li>\n<\/ol>\n<p style=\"text-align: justify;\">\n<ol style=\"text-align: justify;\">\n<li>b) realizarea triajului zilnic \u00een colectivit\u0103\u021bile \u0219colare, la \u00eenceputul primei ore de curs a fiec\u0103rui schimb;<\/li>\n<\/ol>\n<p style=\"text-align: justify;\">\n<ol style=\"text-align: justify;\">\n<li>c) asigurarea materialelor necesare \u0219colilor pentru dezinfec\u021bia periodic\u0103 a m\u00e2inilor \u0219i suprafe\u021belor;<\/li>\n<\/ol>\n<p style=\"text-align: justify;\">\n<ol style=\"text-align: justify;\">\n<li>d) efectuarea dezinfec\u021biei periodice a spa\u021biilor de \u00eenv\u0103\u021b\u0103m\u00e2nt pentru toate \u0219colile din jude\u021bul Giurgiu;<\/li>\n<\/ol>\n<p style=\"text-align: justify;\">\n<ol style=\"text-align: justify;\">\n<li>e) aerisirea periodic\u0103 a \u00eenc\u0103perilor;<\/li>\n<\/ol>\n<p style=\"text-align: justify;\">\n<ol style=\"text-align: justify;\">\n<li>f) instruirea elevilor cu privire la comportamentul adecvat, \u00een cazul manifest\u0103rii unor simptome asociate cu gripa sau infec\u021biile respiratorii, astfel \u00eenc\u00e2t s\u0103 fie evitat\u0103 r\u0103sp\u00e2ndirea acestora;<\/li>\n<\/ol>\n<p style=\"text-align: justify;\">\n<ol>\n<li style=\"text-align: justify;\">h) informarea elevilor, p\u0103rin\u021bilor sau a reprezentan\u021bilor legali cu privire la necesitatea consult\u0103rii medicului de familie la apari\u021bia simptomelor pentru stabilirea indica\u021biilor terapeutice, izol\u0103rii \u0219i efectu\u0103rii unor eventuale investiga\u021bii suplimentare.<\/li>\n<\/ol>\n","protected":false},"excerpt":{"rendered":"<p>\u00cen\u00a0 s\u0103pt\u0103m\u00e2na 25-27 ianuarie, la nivelul jude\u021bului Giurgiu au fost \u00eenregistrate, pe baza datelor comunicate de unit\u0103\u021bile de \u00eenv\u0103\u021b\u0103m\u00e2nt, un num\u0103r de<\/p>\n","protected":false},"author":1,"featured_media":0,"comment_status":"open","ping_status":"open","sticky":false,"template":"","format":"standard","meta":{"footnotes":""},"categories":[6],"tags":[],"class_list":["post-95199","post","type-post","status-publish","format-standard","hentry","category-breaking-news"],"_links":{"self":[{"href":"https:\/\/www.giurgiuveanul.ro\/stiri\/wp-json\/wp\/v2\/posts\/95199","targetHints":{"allow":["GET"]}}],"collection":[{"href":"https:\/\/www.giurgiuveanul.ro\/stiri\/wp-json\/wp\/v2\/posts"}],"about":[{"href":"https:\/\/www.giurgiuveanul.ro\/stiri\/wp-json\/wp\/v2\/types\/post"}],"author":[{"embeddable":true,"href":"https:\/\/www.giurgiuveanul.ro\/stiri\/wp-json\/wp\/v2\/users\/1"}],"replies":[{"embeddable":true,"href":"https:\/\/www.giurgiuveanul.ro\/stiri\/wp-json\/wp\/v2\/comments?post=95199"}],"version-history":[{"count":0,"href":"https:\/\/www.giurgiuveanul.ro\/stiri\/wp-json\/wp\/v2\/posts\/95199\/revisions"}],"wp:attachment":[{"href":"https:\/\/www.giurgiuveanul.ro\/stiri\/wp-json\/wp\/v2\/media?parent=95199"}],"wp:term":[{"taxonomy":"category","embeddable":true,"href":"https:\/\/www.giurgiuveanul.ro\/stiri\/wp-json\/wp\/v2\/categories?post=95199"},{"taxonomy":"post_tag","embeddable":true,"href":"https:\/\/www.giurgiuveanul.ro\/stiri\/wp-json\/wp\/v2\/tags?post=95199"}],"curies":[{"name":"wp","href":"https:\/\/api.w.org\/{rel}","templated":true}]}}