{"id":95209,"date":"2023-01-28T12:47:01","date_gmt":"2023-01-28T10:47:01","guid":{"rendered":"https:\/\/www.giurgiuveanul.ro\/stiri\/?p=95209"},"modified":"2023-01-28T13:11:05","modified_gmt":"2023-01-28T11:11:05","slug":"inspectorul-sef-al-ipj-chestor-ionut-dana-in-acest-moment-pe-raza-judetului-giurgiu-nu-avem-probleme-de-trafic","status":"publish","type":"post","link":"https:\/\/www.giurgiuveanul.ro\/stiri\/inspectorul-sef-al-ipj-chestor-ionut-dana-in-acest-moment-pe-raza-judetului-giurgiu-nu-avem-probleme-de-trafic\/","title":{"rendered":"Inspectorul \u015fef al IPJ, chestor Ionu\u0163 Dana: \u201d\u00cen acest moment, pe raza jude\u0163ului Giurgiu nu avem probleme de trafic!\u201d"},"content":{"rendered":"<p style=\"text-align: justify;\"><strong><a href=\"https:\/\/www.giurgiuveanul.ro\/stiri\/wp-content\/uploads\/2023\/01\/Chestor-Dana-Ionut.jpg\"><img loading=\"lazy\" decoding=\"async\" class=\"aligncenter wp-image-95210\" src=\"https:\/\/www.giurgiuveanul.ro\/stiri\/wp-content\/uploads\/2023\/01\/Chestor-Dana-Ionut-511x450.jpg\" alt=\"\" width=\"580\" height=\"510\" srcset=\"https:\/\/www.giurgiuveanul.ro\/stiri\/wp-content\/uploads\/2023\/01\/Chestor-Dana-Ionut-511x450.jpg 511w, https:\/\/www.giurgiuveanul.ro\/stiri\/wp-content\/uploads\/2023\/01\/Chestor-Dana-Ionut-250x220.jpg 250w, https:\/\/www.giurgiuveanul.ro\/stiri\/wp-content\/uploads\/2023\/01\/Chestor-Dana-Ionut-768x676.jpg 768w, https:\/\/www.giurgiuveanul.ro\/stiri\/wp-content\/uploads\/2023\/01\/Chestor-Dana-Ionut-400x352.jpg 400w, https:\/\/www.giurgiuveanul.ro\/stiri\/wp-content\/uploads\/2023\/01\/Chestor-Dana-Ionut.jpg 800w\" sizes=\"auto, (max-width: 580px) 100vw, 580px\" \/><\/a>Informa\u0163ia momentului<!--more--> este aceea c\u0103, \u00een prezent, pe raza jude\u0163ului Giurgiu nu avem probleme de trafic.<\/strong><\/p>\n<p style=\"text-align: justify;\">Echipajele Inspectoratului de Politie Jude\u0163ean Giurgiu sunt la datorie, potrivit inspectorului \u015fef al Inspectoratului de Poli\u0163ie Jude\u0163ean Giurgiu, <strong>chestor de poli\u0163ie Ionu\u0163 Dana<\/strong>.<\/p>\n<p style=\"text-align: justify;\"><em>\u201eDac\u0103 apar probleme, v\u0103 rog, s\u0103 nu ezita\u021bi s\u0103 ne informa\u021bi pentru a putea interveni \u015fi noi. O zi bun\u0103 tuturor\u201d,<\/em> a transmis <strong>chestorul de poli\u0163ie Ionu\u0163 Dana.<\/strong><\/p>\n","protected":false},"excerpt":{"rendered":"<p>Informa\u0163ia momentului<\/p>\n","protected":false},"author":1,"featured_media":0,"comment_status":"open","ping_status":"open","sticky":false,"template":"","format":"standard","meta":{"footnotes":""},"categories":[6],"tags":[],"class_list":["post-95209","post","type-post","status-publish","format-standard","hentry","category-breaking-news"],"_links":{"self":[{"href":"https:\/\/www.giurgiuveanul.ro\/stiri\/wp-json\/wp\/v2\/posts\/95209","targetHints":{"allow":["GET"]}}],"collection":[{"href":"https:\/\/www.giurgiuveanul.ro\/stiri\/wp-json\/wp\/v2\/posts"}],"about":[{"href":"https:\/\/www.giurgiuveanul.ro\/stiri\/wp-json\/wp\/v2\/types\/post"}],"author":[{"embeddable":true,"href":"https:\/\/www.giurgiuveanul.ro\/stiri\/wp-json\/wp\/v2\/users\/1"}],"replies":[{"embeddable":true,"href":"https:\/\/www.giurgiuveanul.ro\/stiri\/wp-json\/wp\/v2\/comments?post=95209"}],"version-history":[{"count":0,"href":"https:\/\/www.giurgiuveanul.ro\/stiri\/wp-json\/wp\/v2\/posts\/95209\/revisions"}],"wp:attachment":[{"href":"https:\/\/www.giurgiuveanul.ro\/stiri\/wp-json\/wp\/v2\/media?parent=95209"}],"wp:term":[{"taxonomy":"category","embeddable":true,"href":"https:\/\/www.giurgiuveanul.ro\/stiri\/wp-json\/wp\/v2\/categories?post=95209"},{"taxonomy":"post_tag","embeddable":true,"href":"https:\/\/www.giurgiuveanul.ro\/stiri\/wp-json\/wp\/v2\/tags?post=95209"}],"curies":[{"name":"wp","href":"https:\/\/api.w.org\/{rel}","templated":true}]}}