{"id":95216,"date":"2023-01-28T13:06:16","date_gmt":"2023-01-28T11:06:16","guid":{"rendered":"https:\/\/www.giurgiuveanul.ro\/stiri\/?p=95216"},"modified":"2023-01-28T13:06:58","modified_gmt":"2023-01-28T11:06:58","slug":"casa-in-flacari-la-gaujani-un-barbat-a-suferit-arsuri-la-nivelul-capului-si-al-mainilor-foto","status":"publish","type":"post","link":"https:\/\/www.giurgiuveanul.ro\/stiri\/casa-in-flacari-la-gaujani-un-barbat-a-suferit-arsuri-la-nivelul-capului-si-al-mainilor-foto\/","title":{"rendered":"Cas\u0103 \u00een fl\u0103c\u0103ri la G\u0103ujani! Un b\u0103rbat a suferit arsuri la nivelul capului \u0219i al m\u00e2inilor (FOTO)"},"content":{"rendered":"<p style=\"text-align: justify;\"><strong><a href=\"https:\/\/www.giurgiuveanul.ro\/stiri\/wp-content\/uploads\/2023\/01\/1-8.jpg\"><img loading=\"lazy\" decoding=\"async\" class=\"aligncenter wp-image-95217\" src=\"https:\/\/www.giurgiuveanul.ro\/stiri\/wp-content\/uploads\/2023\/01\/1-8-560x436.jpg\" alt=\"\" width=\"582\" height=\"453\" srcset=\"https:\/\/www.giurgiuveanul.ro\/stiri\/wp-content\/uploads\/2023\/01\/1-8-560x436.jpg 560w, https:\/\/www.giurgiuveanul.ro\/stiri\/wp-content\/uploads\/2023\/01\/1-8-250x195.jpg 250w, https:\/\/www.giurgiuveanul.ro\/stiri\/wp-content\/uploads\/2023\/01\/1-8-768x598.jpg 768w, https:\/\/www.giurgiuveanul.ro\/stiri\/wp-content\/uploads\/2023\/01\/1-8-400x311.jpg 400w, https:\/\/www.giurgiuveanul.ro\/stiri\/wp-content\/uploads\/2023\/01\/1-8.jpg 1200w\" sizes=\"auto, (max-width: 582px) 100vw, 582px\" \/><\/a>Un b\u0103rbat, \u00een v\u00e2rst\u0103 de<!--more--> 58 de ani, a suferit arsuri la nivelul capului \u0219i al m\u00e2inilor, \u00een \u00eencercarea de a stinge incendiul care a izbucnit \u00een locuin\u021ba sa. Evenimentul s-a produs, \u00een aceast\u0103 diminea\u021b\u0103, \u00een localitatea G\u0103ujani, potrivit ISU Giurgiu.<\/strong><\/p>\n<p style=\"text-align: justify;\">Chema\u021bi \u00een ajutor, pompierii s-au deplasat la fa\u021ba locului cu dou\u0103 autospeciale de stingere cu ap\u0103 \u0219i spum\u0103 \u0219i o ambulan\u021b\u0103 SMURD.<\/p>\n<p><a href=\"https:\/\/www.giurgiuveanul.ro\/stiri\/wp-content\/uploads\/2023\/01\/2-9.jpg\"><img loading=\"lazy\" decoding=\"async\" class=\"aligncenter  wp-image-95219\" src=\"https:\/\/www.giurgiuveanul.ro\/stiri\/wp-content\/uploads\/2023\/01\/2-9-429x450.jpg\" alt=\"\" width=\"571\" height=\"599\" srcset=\"https:\/\/www.giurgiuveanul.ro\/stiri\/wp-content\/uploads\/2023\/01\/2-9-429x450.jpg 429w, https:\/\/www.giurgiuveanul.ro\/stiri\/wp-content\/uploads\/2023\/01\/2-9-250x262.jpg 250w, https:\/\/www.giurgiuveanul.ro\/stiri\/wp-content\/uploads\/2023\/01\/2-9-768x805.jpg 768w, https:\/\/www.giurgiuveanul.ro\/stiri\/wp-content\/uploads\/2023\/01\/2-9-400x419.jpg 400w, https:\/\/www.giurgiuveanul.ro\/stiri\/wp-content\/uploads\/2023\/01\/2-9.jpg 1198w\" sizes=\"auto, (max-width: 571px) 100vw, 571px\" \/><\/a><\/p>\n<p style=\"text-align: justify;\">Paramedicii i-au acordat primul ajutor proprietarului \u0219i l-au transportat la spital pentru \u00eengrijiri medicale de specialitate.<\/p>\n<p style=\"text-align: justify;\">Pompierii au constatat faptul c\u0103 incendiul se manifesta violent la nivelul acoperi\u0219ului, \u00een buc\u0103t\u0103rie \u0219i \u00eentr-o \u00eenc\u0103pere \u00een care era amenajat un atelier. Fumul degajat a p\u0103truns \u0219i \u00een locuin\u021b\u0103, de unde pompierii au salvat 17 pisici.<\/p>\n<p style=\"text-align: justify;\">Au ars grinzile din lemn \u0219i astereala acoperi\u0219ului, pe o suprafa\u021b\u0103 de aproximativ 200 mp, mobilier \u0219i materiale textile. S-au deteriorat unelte electrice, un aragaz \u0219i pere\u021bii construc\u021biei pe o suprafa\u021b\u0103 de circa 80 mp.<\/p>\n<p style=\"text-align: justify;\">Cel mai probabil incendiul s-a produs din cauza co\u0219ului de fum deteriorat.<\/p>\n<p style=\"text-align: justify;\"><strong>Informare preventiv\u0103 <\/strong><\/p>\n<p style=\"text-align: justify;\">Pentru \u00eenl\u0103turarea pericolului de incendiu care poate ap\u0103rea pe timpul exploat\u0103rii co\u015furilor de fum, trebuie adoptate m\u0103suri care s\u0103 asigure:<\/p>\n<p style=\"text-align: justify;\">&#8211;\u00a0\u00a0\u00a0\u00a0\u00a0\u00a0 verificarea co\u015furilor de evacuare a fumului, pentru ca acestea s\u0103 nu prezinte fisuri care s\u0103 permit\u0103 sc\u00e2nteilor s\u0103 incendieze materialele combustibile ale plan\u0219eului sau acoperi\u0219ului (grinzi, astereal\u0103 etc.);<\/p>\n<p style=\"text-align: justify;\">&#8211;\u00a0\u00a0\u00a0\u00a0\u00a0\u00a0 cur\u0103\u021barea periodic\u0103 a co\u0219urilor de fum pentru eliminarea depunerilor de funingine care se pot aprinde sau pot obtura canalele de evacuare;<\/p>\n<p style=\"text-align: justify;\">&#8211;\u00a0\u00a0\u00a0\u00a0\u00a0\u00a0 tencuirea \u015fi v\u0103ruirea p\u0103r\u0163ii din pod a co\u015fului de fum, \u00een scopul detect\u0103rii imediate a fisurilor (c\u0103ldura sau sc\u00e2nteile care ies prin fisurile unui co\u015f de fum deteriorat constituie surse de aprindere, dac\u0103 \u00een zona lor exist\u0103 elemente de construc\u0163ie sau structuri din lemn: grinzi, b\u00e2rne, suport acoperi\u015f etc.);<\/p>\n<p style=\"text-align: justify;\">&#8211;\u00a0\u00a0\u00a0\u00a0\u00a0\u00a0 \u00eengro\u0219area zid\u0103riei co\u015fului la trecerea prin plan\u015fee, l\u0103s\u00e2ndu-se un spa\u0163iu \u00eentre aceast\u0103 zid\u0103rie \u015fi elementele combustibile ale plan\u015feului;<\/p>\n<p style=\"text-align: justify;\">&#8211;\u00a0\u00a0\u00a0\u00a0\u00a0\u00a0 p\u0103strarea distan\u0163ei dintre fa\u0163a exterioar\u0103 a co\u015furilor \u015fi elementele combustibile ale acoperi\u015fului.<\/p>\n<p>&nbsp;<\/p>\n","protected":false},"excerpt":{"rendered":"<p>Un b\u0103rbat, \u00een v\u00e2rst\u0103 de<\/p>\n","protected":false},"author":1,"featured_media":0,"comment_status":"open","ping_status":"open","sticky":false,"template":"","format":"standard","meta":{"footnotes":""},"categories":[6],"tags":[],"class_list":["post-95216","post","type-post","status-publish","format-standard","hentry","category-breaking-news"],"_links":{"self":[{"href":"https:\/\/www.giurgiuveanul.ro\/stiri\/wp-json\/wp\/v2\/posts\/95216","targetHints":{"allow":["GET"]}}],"collection":[{"href":"https:\/\/www.giurgiuveanul.ro\/stiri\/wp-json\/wp\/v2\/posts"}],"about":[{"href":"https:\/\/www.giurgiuveanul.ro\/stiri\/wp-json\/wp\/v2\/types\/post"}],"author":[{"embeddable":true,"href":"https:\/\/www.giurgiuveanul.ro\/stiri\/wp-json\/wp\/v2\/users\/1"}],"replies":[{"embeddable":true,"href":"https:\/\/www.giurgiuveanul.ro\/stiri\/wp-json\/wp\/v2\/comments?post=95216"}],"version-history":[{"count":0,"href":"https:\/\/www.giurgiuveanul.ro\/stiri\/wp-json\/wp\/v2\/posts\/95216\/revisions"}],"wp:attachment":[{"href":"https:\/\/www.giurgiuveanul.ro\/stiri\/wp-json\/wp\/v2\/media?parent=95216"}],"wp:term":[{"taxonomy":"category","embeddable":true,"href":"https:\/\/www.giurgiuveanul.ro\/stiri\/wp-json\/wp\/v2\/categories?post=95216"},{"taxonomy":"post_tag","embeddable":true,"href":"https:\/\/www.giurgiuveanul.ro\/stiri\/wp-json\/wp\/v2\/tags?post=95216"}],"curies":[{"name":"wp","href":"https:\/\/api.w.org\/{rel}","templated":true}]}}