{"id":95258,"date":"2023-01-30T09:29:07","date_gmt":"2023-01-30T07:29:07","guid":{"rendered":"https:\/\/www.giurgiuveanul.ro\/stiri\/?p=95258"},"modified":"2023-01-30T09:29:45","modified_gmt":"2023-01-30T07:29:45","slug":"un-autoturism-a-luat-foc-in-aceasta-dimineata-pe-dn5-foto","status":"publish","type":"post","link":"https:\/\/www.giurgiuveanul.ro\/stiri\/un-autoturism-a-luat-foc-in-aceasta-dimineata-pe-dn5-foto\/","title":{"rendered":"Un autoturism a luat foc, \u00een aceast\u0103 diminea\u0163\u0103, pe DN5 (FOTO)"},"content":{"rendered":"<p style=\"text-align: justify;\"><strong><a href=\"https:\/\/www.giurgiuveanul.ro\/stiri\/wp-content\/uploads\/2023\/01\/WhatsApp-Image-2023-01-30-at-08.59.11.jpeg\"><img loading=\"lazy\" decoding=\"async\" class=\"aligncenter wp-image-95259\" src=\"https:\/\/www.giurgiuveanul.ro\/stiri\/wp-content\/uploads\/2023\/01\/WhatsApp-Image-2023-01-30-at-08.59.11-491x450.jpeg\" alt=\"\" width=\"572\" height=\"524\" srcset=\"https:\/\/www.giurgiuveanul.ro\/stiri\/wp-content\/uploads\/2023\/01\/WhatsApp-Image-2023-01-30-at-08.59.11-491x450.jpeg 491w, https:\/\/www.giurgiuveanul.ro\/stiri\/wp-content\/uploads\/2023\/01\/WhatsApp-Image-2023-01-30-at-08.59.11-250x229.jpeg 250w, https:\/\/www.giurgiuveanul.ro\/stiri\/wp-content\/uploads\/2023\/01\/WhatsApp-Image-2023-01-30-at-08.59.11-768x704.jpeg 768w, https:\/\/www.giurgiuveanul.ro\/stiri\/wp-content\/uploads\/2023\/01\/WhatsApp-Image-2023-01-30-at-08.59.11-400x367.jpeg 400w, https:\/\/www.giurgiuveanul.ro\/stiri\/wp-content\/uploads\/2023\/01\/WhatsApp-Image-2023-01-30-at-08.59.11.jpeg 1509w\" sizes=\"auto, (max-width: 572px) 100vw, 572px\" \/><\/a>Un autoturism a luat foc, \u00een aceast\u0103 diminea\u021b\u0103, pe DN5,<!--more--> spre \u0219oseaua de centur\u0103. Ma\u0219ina era sta\u021bionat\u0103, iar \u00een momentul \u00een care au v\u0103zut c\u0103 iese fum de sub capot\u0103 oamenii care se aflau \u00een zon\u0103 au intervenit \u00een \u00eencercarea de a stinge incendiul.<\/strong><\/p>\n<p style=\"text-align: justify;\">La caz s-au deplasat pompierii din cadrul Deta\u0219amentului Giurgiu, cu o autospecial\u0103 de stingere cu ap\u0103 \u0219i spum\u0103 \u0219i o ambulan\u021b\u0103 SMURD. Ace\u0219tia au constatat faptul c\u0103 incendiul se manifesta la nivelul compartimentului motor, unde au ars mase plastice.<\/p>\n<p style=\"text-align: justify;\">Proprietarul nu a fost g\u0103sit de pompieri la fa\u021ba locului.<\/p>\n<p style=\"text-align: justify;\">Cel mai probabil evenimentul s-a produs din cauza unui scurtcircuit.<\/p>\n<p style=\"text-align: justify;\">Pentru a preveni incendiile auto, recomand\u0103m respectarea urm\u0103toarelor m\u0103suri:<\/p>\n<p style=\"text-align: justify;\">\u2714 verifica\u0163i instala\u0163ia electric\u0103;<\/p>\n<p style=\"text-align: justify;\">\u2714 asigura\u0163i-v\u0103 c\u0103 echipamentele de iluminat electric nu sunt defecte sau neizolate;<\/p>\n<p style=\"text-align: justify;\">\u2714 verifica\u0163i dac\u0103 apar eventuale scurgeri de carburan\u021bi sau lubrifian\u021bi;<\/p>\n<p style=\"text-align: justify;\">\u2714 nu face\u021bi improviza\u021bii la instala\u021bia electric\u0103;<\/p>\n<p style=\"text-align: justify;\">\u2714 verifica\u021bi perioada de valabilitate a sting\u0103torului din autovehicul.<\/p>\n","protected":false},"excerpt":{"rendered":"<p>Un autoturism a luat foc, \u00een aceast\u0103 diminea\u021b\u0103, pe DN5,<\/p>\n","protected":false},"author":1,"featured_media":0,"comment_status":"open","ping_status":"open","sticky":false,"template":"","format":"standard","meta":{"footnotes":""},"categories":[6],"tags":[],"class_list":["post-95258","post","type-post","status-publish","format-standard","hentry","category-breaking-news"],"_links":{"self":[{"href":"https:\/\/www.giurgiuveanul.ro\/stiri\/wp-json\/wp\/v2\/posts\/95258","targetHints":{"allow":["GET"]}}],"collection":[{"href":"https:\/\/www.giurgiuveanul.ro\/stiri\/wp-json\/wp\/v2\/posts"}],"about":[{"href":"https:\/\/www.giurgiuveanul.ro\/stiri\/wp-json\/wp\/v2\/types\/post"}],"author":[{"embeddable":true,"href":"https:\/\/www.giurgiuveanul.ro\/stiri\/wp-json\/wp\/v2\/users\/1"}],"replies":[{"embeddable":true,"href":"https:\/\/www.giurgiuveanul.ro\/stiri\/wp-json\/wp\/v2\/comments?post=95258"}],"version-history":[{"count":0,"href":"https:\/\/www.giurgiuveanul.ro\/stiri\/wp-json\/wp\/v2\/posts\/95258\/revisions"}],"wp:attachment":[{"href":"https:\/\/www.giurgiuveanul.ro\/stiri\/wp-json\/wp\/v2\/media?parent=95258"}],"wp:term":[{"taxonomy":"category","embeddable":true,"href":"https:\/\/www.giurgiuveanul.ro\/stiri\/wp-json\/wp\/v2\/categories?post=95258"},{"taxonomy":"post_tag","embeddable":true,"href":"https:\/\/www.giurgiuveanul.ro\/stiri\/wp-json\/wp\/v2\/tags?post=95258"}],"curies":[{"name":"wp","href":"https:\/\/api.w.org\/{rel}","templated":true}]}}