{"id":95263,"date":"2023-01-30T09:51:16","date_gmt":"2023-01-30T07:51:16","guid":{"rendered":"https:\/\/www.giurgiuveanul.ro\/stiri\/?p=95263"},"modified":"2023-01-30T09:51:43","modified_gmt":"2023-01-30T07:51:43","slug":"pe-albul-imaculat-al-zapezii-medalia-de-aur-a-daryelei-straluceste","status":"publish","type":"post","link":"https:\/\/www.giurgiuveanul.ro\/stiri\/pe-albul-imaculat-al-zapezii-medalia-de-aur-a-daryelei-straluceste\/","title":{"rendered":"Pe albul imaculat al z\u0103pezii, medalia de aur a Daryelei str\u0103luce\u0219te!"},"content":{"rendered":"<p style=\"text-align: justify;\"><strong><a href=\"https:\/\/www.giurgiuveanul.ro\/stiri\/wp-content\/uploads\/2023\/01\/WhatsApp-Image-2023-01-29-at-21.39.08.jpeg\"><img loading=\"lazy\" decoding=\"async\" class=\"aligncenter wp-image-95264\" src=\"https:\/\/www.giurgiuveanul.ro\/stiri\/wp-content\/uploads\/2023\/01\/WhatsApp-Image-2023-01-29-at-21.39.08-326x450.jpeg\" alt=\"\" width=\"569\" height=\"786\" srcset=\"https:\/\/www.giurgiuveanul.ro\/stiri\/wp-content\/uploads\/2023\/01\/WhatsApp-Image-2023-01-29-at-21.39.08-326x450.jpeg 326w, https:\/\/www.giurgiuveanul.ro\/stiri\/wp-content\/uploads\/2023\/01\/WhatsApp-Image-2023-01-29-at-21.39.08-217x300.jpeg 217w, https:\/\/www.giurgiuveanul.ro\/stiri\/wp-content\/uploads\/2023\/01\/WhatsApp-Image-2023-01-29-at-21.39.08-768x1061.jpeg 768w, https:\/\/www.giurgiuveanul.ro\/stiri\/wp-content\/uploads\/2023\/01\/WhatsApp-Image-2023-01-29-at-21.39.08-1112x1536.jpeg 1112w, https:\/\/www.giurgiuveanul.ro\/stiri\/wp-content\/uploads\/2023\/01\/WhatsApp-Image-2023-01-29-at-21.39.08-400x553.jpeg 400w, https:\/\/www.giurgiuveanul.ro\/stiri\/wp-content\/uploads\/2023\/01\/WhatsApp-Image-2023-01-29-at-21.39.08.jpeg 1383w\" sizes=\"auto, (max-width: 569px) 100vw, 569px\" \/><\/a>Dup\u0103 o perioad\u0103 mai lung\u0103 \u00een care a trebuit s\u0103 acorde mai mult\u0103 aten\u021bie<!--more--> refacerii dup\u0103 o persistent\u0103 viroz\u0103, Daryela a revenit cu participarea, \u00een data de 29 ianuarie 2023, la Turneul Cupa One Tennis Bucure\u0219ti.<\/strong><\/p>\n<p style=\"text-align: justify;\">Charismatica tenismen\u0103 din Giurgiu a reu\u0219it s\u0103 aduc\u0103 acas\u0103 mult r\u00e2vnitul trofeu, natura \u0219i divinitatea \u00eenso\u0163ind-o: prima z\u0103pad\u0103, primul turneu, prima medalie de aur.<\/p>\n<p style=\"text-align: justify;\">Iat\u0103 c\u0103 munca, disciplina, perseveren\u021ba, modestia, insuflate de profesorul C\u0103t\u0103lin Paraschiv dau roade \u0219i promoveaz\u0103 valoarea juvenil\u0103 a practican\u021bilor tenisului la nivel na\u021bional, rampa de lansare c\u0103tre tenisul de \u00eenalt\u0103 performan\u021b\u0103.<\/p>\n<p style=\"text-align: justify;\">Pentru Dary \u0219i copiii de la C\u0103t\u0103lin Paraschiv, tenisul nu \u00eenseamn\u0103 numai cupe \u0219i medalii. El \u00eenseamn\u0103 s\u0103n\u0103tate, disciplin\u0103, ordine, st\u0103ri care odat\u0103 cultivate te fac ambi\u021bios \u0219i puternic, te fac s\u0103 sim\u021bi ce \u00eenseamn\u0103 succesul sau \u00eenfr\u00e2ngerea, ce \u00eenseamn\u0103 fericirea c\u00e2nd cl\u0103de\u0219ti ceva cu mult\u0103 munc\u0103 \u0219i&#8230; reu\u0219e\u0219ti.<\/p>\n<p style=\"text-align: justify;\"><em>Felicit\u0103ri, Daryela&#8230;.succes \u00een noul an competi\u021bional!<\/em><\/p>\n<p style=\"text-align: justify;\"><strong>\u00cen Tenis 10, avem copii de ZECE!<\/strong><\/p>\n","protected":false},"excerpt":{"rendered":"<p>Dup\u0103 o perioad\u0103 mai lung\u0103 \u00een care a trebuit s\u0103 acorde mai mult\u0103 aten\u021bie<\/p>\n","protected":false},"author":1,"featured_media":0,"comment_status":"open","ping_status":"open","sticky":false,"template":"","format":"standard","meta":{"footnotes":""},"categories":[6],"tags":[],"class_list":["post-95263","post","type-post","status-publish","format-standard","hentry","category-breaking-news"],"_links":{"self":[{"href":"https:\/\/www.giurgiuveanul.ro\/stiri\/wp-json\/wp\/v2\/posts\/95263","targetHints":{"allow":["GET"]}}],"collection":[{"href":"https:\/\/www.giurgiuveanul.ro\/stiri\/wp-json\/wp\/v2\/posts"}],"about":[{"href":"https:\/\/www.giurgiuveanul.ro\/stiri\/wp-json\/wp\/v2\/types\/post"}],"author":[{"embeddable":true,"href":"https:\/\/www.giurgiuveanul.ro\/stiri\/wp-json\/wp\/v2\/users\/1"}],"replies":[{"embeddable":true,"href":"https:\/\/www.giurgiuveanul.ro\/stiri\/wp-json\/wp\/v2\/comments?post=95263"}],"version-history":[{"count":0,"href":"https:\/\/www.giurgiuveanul.ro\/stiri\/wp-json\/wp\/v2\/posts\/95263\/revisions"}],"wp:attachment":[{"href":"https:\/\/www.giurgiuveanul.ro\/stiri\/wp-json\/wp\/v2\/media?parent=95263"}],"wp:term":[{"taxonomy":"category","embeddable":true,"href":"https:\/\/www.giurgiuveanul.ro\/stiri\/wp-json\/wp\/v2\/categories?post=95263"},{"taxonomy":"post_tag","embeddable":true,"href":"https:\/\/www.giurgiuveanul.ro\/stiri\/wp-json\/wp\/v2\/tags?post=95263"}],"curies":[{"name":"wp","href":"https:\/\/api.w.org\/{rel}","templated":true}]}}