{"id":95285,"date":"2023-01-30T18:46:58","date_gmt":"2023-01-30T16:46:58","guid":{"rendered":"https:\/\/www.giurgiuveanul.ro\/stiri\/?p=95285"},"modified":"2023-01-30T18:55:37","modified_gmt":"2023-01-30T16:55:37","slug":"la-carola-promotii-de-sezon-in-cele-doua-magazine-din-giurgiu-unul-in-zona-primariei-si-celalalt-pe-bulevardul-mihai-viteazu-foto","status":"publish","type":"post","link":"https:\/\/www.giurgiuveanul.ro\/stiri\/la-carola-promotii-de-sezon-in-cele-doua-magazine-din-giurgiu-unul-in-zona-primariei-si-celalalt-pe-bulevardul-mihai-viteazu-foto\/","title":{"rendered":"\u201eLa Carola\u201d, promo\u0163ii de sezon \u00een cele dou\u0103 magazine din Giurgiu: unul \u00een zona Prim\u0103riei \u015fi cel\u0103lalt pe bulevardul Mihai Viteazu!  (FOTO)"},"content":{"rendered":"<p style=\"text-align: justify;\"><strong><a href=\"https:\/\/www.giurgiuveanul.ro\/stiri\/wp-content\/uploads\/2023\/01\/1-10.jpg\"><img loading=\"lazy\" decoding=\"async\" class=\"aligncenter wp-image-95287\" src=\"https:\/\/www.giurgiuveanul.ro\/stiri\/wp-content\/uploads\/2023\/01\/1-10-416x450.jpg\" alt=\"\" width=\"575\" height=\"622\" srcset=\"https:\/\/www.giurgiuveanul.ro\/stiri\/wp-content\/uploads\/2023\/01\/1-10-416x450.jpg 416w, https:\/\/www.giurgiuveanul.ro\/stiri\/wp-content\/uploads\/2023\/01\/1-10-250x271.jpg 250w, https:\/\/www.giurgiuveanul.ro\/stiri\/wp-content\/uploads\/2023\/01\/1-10-768x831.jpg 768w, https:\/\/www.giurgiuveanul.ro\/stiri\/wp-content\/uploads\/2023\/01\/1-10-1420x1536.jpg 1420w, https:\/\/www.giurgiuveanul.ro\/stiri\/wp-content\/uploads\/2023\/01\/1-10-400x433.jpg 400w, https:\/\/www.giurgiuveanul.ro\/stiri\/wp-content\/uploads\/2023\/01\/1-10.jpg 1560w\" sizes=\"auto, (max-width: 575px) 100vw, 575px\" \/><\/a>\u201dGritely Home Decoration\u201d, \u201eLa Carola\u201d, cum este cunoscut de giurgiuveni, are<!--more--> dou\u0103 magazine \u00een Giurgiu: unul este situat pe bulevardul Bucure\u0219ti, la nr. 55, \u00een vecin\u0103tatea Prim\u0103riei, iar cel\u0103lalt pe bulevardul Mihai Viteazu, nr 33-35, \u00een zona Spitalului Jude\u0163ean de Urgen\u0163\u0103.<\/strong><\/p>\n<p><a href=\"https:\/\/www.giurgiuveanul.ro\/stiri\/wp-content\/uploads\/2023\/01\/2-11.jpg\"><img loading=\"lazy\" decoding=\"async\" class=\"aligncenter wp-image-95292\" src=\"https:\/\/www.giurgiuveanul.ro\/stiri\/wp-content\/uploads\/2023\/01\/2-11-560x286.jpg\" alt=\"\" width=\"574\" height=\"293\" srcset=\"https:\/\/www.giurgiuveanul.ro\/stiri\/wp-content\/uploads\/2023\/01\/2-11-560x286.jpg 560w, https:\/\/www.giurgiuveanul.ro\/stiri\/wp-content\/uploads\/2023\/01\/2-11-250x128.jpg 250w, https:\/\/www.giurgiuveanul.ro\/stiri\/wp-content\/uploads\/2023\/01\/2-11-768x392.jpg 768w, https:\/\/www.giurgiuveanul.ro\/stiri\/wp-content\/uploads\/2023\/01\/2-11-1536x784.jpg 1536w, https:\/\/www.giurgiuveanul.ro\/stiri\/wp-content\/uploads\/2023\/01\/2-11-400x204.jpg 400w, https:\/\/www.giurgiuveanul.ro\/stiri\/wp-content\/uploads\/2023\/01\/2-11.jpg 2048w\" sizes=\"auto, (max-width: 574px) 100vw, 574px\" \/><\/a> <a href=\"https:\/\/www.giurgiuveanul.ro\/stiri\/wp-content\/uploads\/2023\/01\/3-9.jpg\"><img loading=\"lazy\" decoding=\"async\" class=\"aligncenter wp-image-95293\" src=\"https:\/\/www.giurgiuveanul.ro\/stiri\/wp-content\/uploads\/2023\/01\/3-9-548x450.jpg\" alt=\"\" width=\"573\" height=\"470\" srcset=\"https:\/\/www.giurgiuveanul.ro\/stiri\/wp-content\/uploads\/2023\/01\/3-9-548x450.jpg 548w, https:\/\/www.giurgiuveanul.ro\/stiri\/wp-content\/uploads\/2023\/01\/3-9-250x205.jpg 250w, https:\/\/www.giurgiuveanul.ro\/stiri\/wp-content\/uploads\/2023\/01\/3-9-768x631.jpg 768w, https:\/\/www.giurgiuveanul.ro\/stiri\/wp-content\/uploads\/2023\/01\/3-9-1536x1262.jpg 1536w, https:\/\/www.giurgiuveanul.ro\/stiri\/wp-content\/uploads\/2023\/01\/3-9-400x329.jpg 400w, https:\/\/www.giurgiuveanul.ro\/stiri\/wp-content\/uploads\/2023\/01\/3-9.jpg 2048w\" sizes=\"auto, (max-width: 573px) 100vw, 573px\" \/><\/a><\/p>\n<p style=\"text-align: justify;\">Magazinul de pe \u015foseaua Bucure\u015fti v\u0103 pune la dispozi\u021bie o gam\u0103 larg\u0103 \u0219i variat\u0103 de perdele, draperii, lenjerii, prosoape, cuverturi etc.<\/p>\n<p><a href=\"https:\/\/www.giurgiuveanul.ro\/stiri\/wp-content\/uploads\/2023\/01\/4-8.jpg\"><img loading=\"lazy\" decoding=\"async\" class=\"aligncenter wp-image-95303\" src=\"https:\/\/www.giurgiuveanul.ro\/stiri\/wp-content\/uploads\/2023\/01\/4-8-560x338.jpg\" alt=\"\" width=\"573\" height=\"346\" srcset=\"https:\/\/www.giurgiuveanul.ro\/stiri\/wp-content\/uploads\/2023\/01\/4-8-560x338.jpg 560w, https:\/\/www.giurgiuveanul.ro\/stiri\/wp-content\/uploads\/2023\/01\/4-8-250x151.jpg 250w, https:\/\/www.giurgiuveanul.ro\/stiri\/wp-content\/uploads\/2023\/01\/4-8-768x463.jpg 768w, https:\/\/www.giurgiuveanul.ro\/stiri\/wp-content\/uploads\/2023\/01\/4-8-1536x926.jpg 1536w, https:\/\/www.giurgiuveanul.ro\/stiri\/wp-content\/uploads\/2023\/01\/4-8-400x241.jpg 400w, https:\/\/www.giurgiuveanul.ro\/stiri\/wp-content\/uploads\/2023\/01\/4-8.jpg 2048w\" sizes=\"auto, (max-width: 573px) 100vw, 573px\" \/><\/a><a href=\"https:\/\/www.giurgiuveanul.ro\/stiri\/wp-content\/uploads\/2023\/01\/5-8-scaled.jpg\"><img loading=\"lazy\" decoding=\"async\" class=\"aligncenter  wp-image-95305\" src=\"https:\/\/www.giurgiuveanul.ro\/stiri\/wp-content\/uploads\/2023\/01\/5-8-560x242.jpg\" alt=\"\" width=\"572\" height=\"247\" srcset=\"https:\/\/www.giurgiuveanul.ro\/stiri\/wp-content\/uploads\/2023\/01\/5-8-560x242.jpg 560w, https:\/\/www.giurgiuveanul.ro\/stiri\/wp-content\/uploads\/2023\/01\/5-8-250x108.jpg 250w, https:\/\/www.giurgiuveanul.ro\/stiri\/wp-content\/uploads\/2023\/01\/5-8-768x332.jpg 768w, https:\/\/www.giurgiuveanul.ro\/stiri\/wp-content\/uploads\/2023\/01\/5-8-1536x665.jpg 1536w, https:\/\/www.giurgiuveanul.ro\/stiri\/wp-content\/uploads\/2023\/01\/5-8-2048x886.jpg 2048w, https:\/\/www.giurgiuveanul.ro\/stiri\/wp-content\/uploads\/2023\/01\/5-8-400x173.jpg 400w\" sizes=\"auto, (max-width: 572px) 100vw, 572px\" \/><\/a><\/p>\n<p style=\"text-align: justify;\">Nou magazin, de altfel cel mai mare punct de desfacere din Giurgiu, este pe bulevardul Mihai Viteazu, la nr 33-35, \u00een zona Spitalului Jude\u0163ean de Urgen\u0163\u0103.<\/p>\n<p><a href=\"https:\/\/www.giurgiuveanul.ro\/stiri\/wp-content\/uploads\/2023\/01\/6-3.jpg\"><img loading=\"lazy\" decoding=\"async\" class=\"aligncenter wp-image-95296\" src=\"https:\/\/www.giurgiuveanul.ro\/stiri\/wp-content\/uploads\/2023\/01\/6-3-560x347.jpg\" alt=\"\" width=\"571\" height=\"354\" srcset=\"https:\/\/www.giurgiuveanul.ro\/stiri\/wp-content\/uploads\/2023\/01\/6-3-560x347.jpg 560w, https:\/\/www.giurgiuveanul.ro\/stiri\/wp-content\/uploads\/2023\/01\/6-3-250x155.jpg 250w, https:\/\/www.giurgiuveanul.ro\/stiri\/wp-content\/uploads\/2023\/01\/6-3-768x476.jpg 768w, https:\/\/www.giurgiuveanul.ro\/stiri\/wp-content\/uploads\/2023\/01\/6-3-1536x951.jpg 1536w, https:\/\/www.giurgiuveanul.ro\/stiri\/wp-content\/uploads\/2023\/01\/6-3-400x248.jpg 400w, https:\/\/www.giurgiuveanul.ro\/stiri\/wp-content\/uploads\/2023\/01\/6-3.jpg 2048w\" sizes=\"auto, (max-width: 571px) 100vw, 571px\" \/><\/a> <a href=\"https:\/\/www.giurgiuveanul.ro\/stiri\/wp-content\/uploads\/2023\/01\/7-4.jpg\"><img loading=\"lazy\" decoding=\"async\" class=\"aligncenter wp-image-95297\" src=\"https:\/\/www.giurgiuveanul.ro\/stiri\/wp-content\/uploads\/2023\/01\/7-4-560x354.jpg\" alt=\"\" width=\"569\" height=\"360\" srcset=\"https:\/\/www.giurgiuveanul.ro\/stiri\/wp-content\/uploads\/2023\/01\/7-4-560x354.jpg 560w, https:\/\/www.giurgiuveanul.ro\/stiri\/wp-content\/uploads\/2023\/01\/7-4-250x158.jpg 250w, https:\/\/www.giurgiuveanul.ro\/stiri\/wp-content\/uploads\/2023\/01\/7-4-768x486.jpg 768w, https:\/\/www.giurgiuveanul.ro\/stiri\/wp-content\/uploads\/2023\/01\/7-4-1536x972.jpg 1536w, https:\/\/www.giurgiuveanul.ro\/stiri\/wp-content\/uploads\/2023\/01\/7-4-400x253.jpg 400w, https:\/\/www.giurgiuveanul.ro\/stiri\/wp-content\/uploads\/2023\/01\/7-4.jpg 2048w\" sizes=\"auto, (max-width: 569px) 100vw, 569px\" \/><\/a> <a href=\"https:\/\/www.giurgiuveanul.ro\/stiri\/wp-content\/uploads\/2023\/01\/8-3.jpg\"><img loading=\"lazy\" decoding=\"async\" class=\"aligncenter wp-image-95298\" src=\"https:\/\/www.giurgiuveanul.ro\/stiri\/wp-content\/uploads\/2023\/01\/8-3-560x415.jpg\" alt=\"\" width=\"564\" height=\"418\" srcset=\"https:\/\/www.giurgiuveanul.ro\/stiri\/wp-content\/uploads\/2023\/01\/8-3-560x415.jpg 560w, https:\/\/www.giurgiuveanul.ro\/stiri\/wp-content\/uploads\/2023\/01\/8-3-250x185.jpg 250w, https:\/\/www.giurgiuveanul.ro\/stiri\/wp-content\/uploads\/2023\/01\/8-3-768x569.jpg 768w, https:\/\/www.giurgiuveanul.ro\/stiri\/wp-content\/uploads\/2023\/01\/8-3-1536x1139.jpg 1536w, https:\/\/www.giurgiuveanul.ro\/stiri\/wp-content\/uploads\/2023\/01\/8-3-400x296.jpg 400w, https:\/\/www.giurgiuveanul.ro\/stiri\/wp-content\/uploads\/2023\/01\/8-3.jpg 2048w\" sizes=\"auto, (max-width: 564px) 100vw, 564px\" \/><\/a> <a href=\"https:\/\/www.giurgiuveanul.ro\/stiri\/wp-content\/uploads\/2023\/01\/9-3.jpg\"><img loading=\"lazy\" decoding=\"async\" class=\"aligncenter wp-image-95299\" src=\"https:\/\/www.giurgiuveanul.ro\/stiri\/wp-content\/uploads\/2023\/01\/9-3-560x354.jpg\" alt=\"\" width=\"566\" height=\"358\" srcset=\"https:\/\/www.giurgiuveanul.ro\/stiri\/wp-content\/uploads\/2023\/01\/9-3-560x354.jpg 560w, https:\/\/www.giurgiuveanul.ro\/stiri\/wp-content\/uploads\/2023\/01\/9-3-250x158.jpg 250w, https:\/\/www.giurgiuveanul.ro\/stiri\/wp-content\/uploads\/2023\/01\/9-3-768x485.jpg 768w, https:\/\/www.giurgiuveanul.ro\/stiri\/wp-content\/uploads\/2023\/01\/9-3-1536x970.jpg 1536w, https:\/\/www.giurgiuveanul.ro\/stiri\/wp-content\/uploads\/2023\/01\/9-3-400x253.jpg 400w, https:\/\/www.giurgiuveanul.ro\/stiri\/wp-content\/uploads\/2023\/01\/9-3.jpg 2048w\" sizes=\"auto, (max-width: 566px) 100vw, 566px\" \/><\/a> <a href=\"https:\/\/www.giurgiuveanul.ro\/stiri\/wp-content\/uploads\/2023\/01\/10-3.jpg\"><img loading=\"lazy\" decoding=\"async\" class=\"aligncenter wp-image-95300\" src=\"https:\/\/www.giurgiuveanul.ro\/stiri\/wp-content\/uploads\/2023\/01\/10-3-560x414.jpg\" alt=\"\" width=\"565\" height=\"418\" srcset=\"https:\/\/www.giurgiuveanul.ro\/stiri\/wp-content\/uploads\/2023\/01\/10-3-560x414.jpg 560w, https:\/\/www.giurgiuveanul.ro\/stiri\/wp-content\/uploads\/2023\/01\/10-3-250x185.jpg 250w, https:\/\/www.giurgiuveanul.ro\/stiri\/wp-content\/uploads\/2023\/01\/10-3-768x568.jpg 768w, https:\/\/www.giurgiuveanul.ro\/stiri\/wp-content\/uploads\/2023\/01\/10-3-1536x1136.jpg 1536w, https:\/\/www.giurgiuveanul.ro\/stiri\/wp-content\/uploads\/2023\/01\/10-3-400x296.jpg 400w, https:\/\/www.giurgiuveanul.ro\/stiri\/wp-content\/uploads\/2023\/01\/10-3.jpg 2048w\" sizes=\"auto, (max-width: 565px) 100vw, 565px\" \/><\/a><\/p>\n<p style=\"text-align: justify;\">V\u0103 reamintim c\u0103 (\u015fi) aici pute\u0163i g\u0103si: covoare, mochete, perdele, draperii, saltele, parchet laminat, parchet Triplustratificat, u\u015fi de interior Porta Doors, dar \u015fi o gam\u0103 variat\u0103 de tapete!<\/p>\n<p><a href=\"https:\/\/www.giurgiuveanul.ro\/stiri\/wp-content\/uploads\/2023\/01\/11-3.jpg\"><img loading=\"lazy\" decoding=\"async\" class=\"aligncenter wp-image-95301\" src=\"https:\/\/www.giurgiuveanul.ro\/stiri\/wp-content\/uploads\/2023\/01\/11-3-560x413.jpg\" alt=\"\" width=\"574\" height=\"423\" srcset=\"https:\/\/www.giurgiuveanul.ro\/stiri\/wp-content\/uploads\/2023\/01\/11-3-560x413.jpg 560w, https:\/\/www.giurgiuveanul.ro\/stiri\/wp-content\/uploads\/2023\/01\/11-3-250x184.jpg 250w, https:\/\/www.giurgiuveanul.ro\/stiri\/wp-content\/uploads\/2023\/01\/11-3-768x567.jpg 768w, https:\/\/www.giurgiuveanul.ro\/stiri\/wp-content\/uploads\/2023\/01\/11-3-1536x1133.jpg 1536w, https:\/\/www.giurgiuveanul.ro\/stiri\/wp-content\/uploads\/2023\/01\/11-3-400x295.jpg 400w, https:\/\/www.giurgiuveanul.ro\/stiri\/wp-content\/uploads\/2023\/01\/11-3.jpg 2048w\" sizes=\"auto, (max-width: 574px) 100vw, 574px\" \/><\/a><\/p>\n<p style=\"text-align: justify;\">Mai mult sau mai pu\u0163in \u015ftiut, cei care achizi\u021bioneaz\u0103 perdele, draperii sau lenjerii beneficiaz\u0103 de manoper\u0103 gratuit\u0103, iar cei care opteaz\u0103 pentru covoare \u015fi traverse primesc festonare gratuit\u0103!<\/p>\n<p style=\"text-align: justify;\"><strong>Mai multe detalii aici <a href=\"https:\/\/www.facebook.com\/Gritely\/\">https:\/\/www.facebook.com\/Gritely\/<\/a>.<\/strong><\/p>\n<p style=\"text-align: justify;\"><strong>\u00cen aceast\u0103 perioad\u0103, \u201eLa Carola\u201d pute\u0163i beneficia de c\u00e2teva promo\u0163ii&#8230; pe care le ve\u0163i descoperi \u00een cele dou\u0103 magazine!<\/strong><\/p>\n","protected":false},"excerpt":{"rendered":"<p>\u201dGritely Home Decoration\u201d, \u201eLa Carola\u201d, cum este cunoscut de giurgiuveni, are<\/p>\n","protected":false},"author":1,"featured_media":0,"comment_status":"open","ping_status":"open","sticky":false,"template":"","format":"standard","meta":{"footnotes":""},"categories":[6],"tags":[],"class_list":["post-95285","post","type-post","status-publish","format-standard","hentry","category-breaking-news"],"_links":{"self":[{"href":"https:\/\/www.giurgiuveanul.ro\/stiri\/wp-json\/wp\/v2\/posts\/95285","targetHints":{"allow":["GET"]}}],"collection":[{"href":"https:\/\/www.giurgiuveanul.ro\/stiri\/wp-json\/wp\/v2\/posts"}],"about":[{"href":"https:\/\/www.giurgiuveanul.ro\/stiri\/wp-json\/wp\/v2\/types\/post"}],"author":[{"embeddable":true,"href":"https:\/\/www.giurgiuveanul.ro\/stiri\/wp-json\/wp\/v2\/users\/1"}],"replies":[{"embeddable":true,"href":"https:\/\/www.giurgiuveanul.ro\/stiri\/wp-json\/wp\/v2\/comments?post=95285"}],"version-history":[{"count":0,"href":"https:\/\/www.giurgiuveanul.ro\/stiri\/wp-json\/wp\/v2\/posts\/95285\/revisions"}],"wp:attachment":[{"href":"https:\/\/www.giurgiuveanul.ro\/stiri\/wp-json\/wp\/v2\/media?parent=95285"}],"wp:term":[{"taxonomy":"category","embeddable":true,"href":"https:\/\/www.giurgiuveanul.ro\/stiri\/wp-json\/wp\/v2\/categories?post=95285"},{"taxonomy":"post_tag","embeddable":true,"href":"https:\/\/www.giurgiuveanul.ro\/stiri\/wp-json\/wp\/v2\/tags?post=95285"}],"curies":[{"name":"wp","href":"https:\/\/api.w.org\/{rel}","templated":true}]}}