{"id":95307,"date":"2023-01-31T09:24:22","date_gmt":"2023-01-31T07:24:22","guid":{"rendered":"https:\/\/www.giurgiuveanul.ro\/stiri\/?p=95307"},"modified":"2023-01-31T09:25:18","modified_gmt":"2023-01-31T07:25:18","slug":"barbat-gasit-mort-intr-un-apartament-din-giurgiu-politistii-au-deschis-o-ancheta-foto","status":"publish","type":"post","link":"https:\/\/www.giurgiuveanul.ro\/stiri\/barbat-gasit-mort-intr-un-apartament-din-giurgiu-politistii-au-deschis-o-ancheta-foto\/","title":{"rendered":"B\u0103rbat g\u0103sit mort \u00eentr-un apartament din Giurgiu. Poli\u021bi\u0219tii au deschis o anchet\u0103 (FOTO)"},"content":{"rendered":"<p style=\"text-align: justify;\"><strong><a href=\"https:\/\/www.giurgiuveanul.ro\/stiri\/wp-content\/uploads\/2023\/01\/IMG_7076.jpg\"><img loading=\"lazy\" decoding=\"async\" class=\"aligncenter wp-image-95308\" src=\"https:\/\/www.giurgiuveanul.ro\/stiri\/wp-content\/uploads\/2023\/01\/IMG_7076-560x395.jpg\" alt=\"\" width=\"581\" height=\"410\" srcset=\"https:\/\/www.giurgiuveanul.ro\/stiri\/wp-content\/uploads\/2023\/01\/IMG_7076-560x395.jpg 560w, https:\/\/www.giurgiuveanul.ro\/stiri\/wp-content\/uploads\/2023\/01\/IMG_7076-250x176.jpg 250w, https:\/\/www.giurgiuveanul.ro\/stiri\/wp-content\/uploads\/2023\/01\/IMG_7076-768x541.jpg 768w, https:\/\/www.giurgiuveanul.ro\/stiri\/wp-content\/uploads\/2023\/01\/IMG_7076-400x282.jpg 400w, https:\/\/www.giurgiuveanul.ro\/stiri\/wp-content\/uploads\/2023\/01\/IMG_7076.jpg 1000w\" sizes=\"auto, (max-width: 581px) 100vw, 581px\" \/><\/a>Poli\u0163i\u015ftii giurgiuveni fac cercet\u0103ri pentru moarte suspect\u0103 dup\u0103 ce un b\u0103rbat a<!--more--> fost g\u0103sit, asear\u0103, decedat \u00eentr-un apartament din cartierul Tineretului. Potrivit unor surse, este vorba despre un b\u0103rbat, de 61 de ani.<\/strong><\/p>\n<p style=\"text-align: justify;\">Vecinii au fost cei care au solicitat sprijinul autorit\u0103\u0163ilor, dup\u0103 ce nu l-au mai v\u0103zut pe b\u0103rbat de c\u00e2teva zile.<\/p>\n<p style=\"text-align: justify;\">Pompierii din cadrul Deta\u015famentului Giurgiu s-au deplasat cu o descarcerare, o autospecial\u0103 de stingere \u0219i o ambulan\u021b\u0103 SMURD.<\/p>\n<p><a href=\"https:\/\/www.giurgiuveanul.ro\/stiri\/wp-content\/uploads\/2023\/01\/IMG_7078.jpg\"><img loading=\"lazy\" decoding=\"async\" class=\"aligncenter wp-image-95311\" src=\"https:\/\/www.giurgiuveanul.ro\/stiri\/wp-content\/uploads\/2023\/01\/IMG_7078-560x408.jpg\" alt=\"\" width=\"581\" height=\"423\" srcset=\"https:\/\/www.giurgiuveanul.ro\/stiri\/wp-content\/uploads\/2023\/01\/IMG_7078-560x408.jpg 560w, https:\/\/www.giurgiuveanul.ro\/stiri\/wp-content\/uploads\/2023\/01\/IMG_7078-250x182.jpg 250w, https:\/\/www.giurgiuveanul.ro\/stiri\/wp-content\/uploads\/2023\/01\/IMG_7078-768x560.jpg 768w, https:\/\/www.giurgiuveanul.ro\/stiri\/wp-content\/uploads\/2023\/01\/IMG_7078-400x292.jpg 400w, https:\/\/www.giurgiuveanul.ro\/stiri\/wp-content\/uploads\/2023\/01\/IMG_7078.jpg 1000w\" sizes=\"auto, (max-width: 581px) 100vw, 581px\" \/><\/a><\/p>\n<p style=\"text-align: justify;\">Ace\u015ftia au deblocat u\u0219a pentru a putea intra \u00een apartament, a precizat purt\u0103torul de cuv\u00e2nt al ISU Giurgiu, <strong>locotenent colonel Nicoleta Beianu<\/strong>.<\/p>\n<p style=\"text-align: justify;\">Cadavrul nu prezenta urme de violen\u0163\u0103 \u015fi a fost transportat la Morga Spitalului Jude\u0163ean de Urgen\u0163\u0103 Giurgiu, \u00een vederea efectu\u0103rii necropsiei.<\/p>\n","protected":false},"excerpt":{"rendered":"<p>Poli\u0163i\u015ftii giurgiuveni fac cercet\u0103ri pentru moarte suspect\u0103 dup\u0103 ce un b\u0103rbat a<\/p>\n","protected":false},"author":1,"featured_media":0,"comment_status":"open","ping_status":"open","sticky":false,"template":"","format":"standard","meta":{"footnotes":""},"categories":[6],"tags":[],"class_list":["post-95307","post","type-post","status-publish","format-standard","hentry","category-breaking-news"],"_links":{"self":[{"href":"https:\/\/www.giurgiuveanul.ro\/stiri\/wp-json\/wp\/v2\/posts\/95307","targetHints":{"allow":["GET"]}}],"collection":[{"href":"https:\/\/www.giurgiuveanul.ro\/stiri\/wp-json\/wp\/v2\/posts"}],"about":[{"href":"https:\/\/www.giurgiuveanul.ro\/stiri\/wp-json\/wp\/v2\/types\/post"}],"author":[{"embeddable":true,"href":"https:\/\/www.giurgiuveanul.ro\/stiri\/wp-json\/wp\/v2\/users\/1"}],"replies":[{"embeddable":true,"href":"https:\/\/www.giurgiuveanul.ro\/stiri\/wp-json\/wp\/v2\/comments?post=95307"}],"version-history":[{"count":0,"href":"https:\/\/www.giurgiuveanul.ro\/stiri\/wp-json\/wp\/v2\/posts\/95307\/revisions"}],"wp:attachment":[{"href":"https:\/\/www.giurgiuveanul.ro\/stiri\/wp-json\/wp\/v2\/media?parent=95307"}],"wp:term":[{"taxonomy":"category","embeddable":true,"href":"https:\/\/www.giurgiuveanul.ro\/stiri\/wp-json\/wp\/v2\/categories?post=95307"},{"taxonomy":"post_tag","embeddable":true,"href":"https:\/\/www.giurgiuveanul.ro\/stiri\/wp-json\/wp\/v2\/tags?post=95307"}],"curies":[{"name":"wp","href":"https:\/\/api.w.org\/{rel}","templated":true}]}}