{"id":95314,"date":"2023-01-31T14:54:38","date_gmt":"2023-01-31T12:54:38","guid":{"rendered":"https:\/\/www.giurgiuveanul.ro\/stiri\/?p=95314"},"modified":"2023-01-31T14:56:18","modified_gmt":"2023-01-31T12:56:18","slug":"un-giurgiuvean-si-a-pierdut-viata-astazi-intr-un-incendiu","status":"publish","type":"post","link":"https:\/\/www.giurgiuveanul.ro\/stiri\/un-giurgiuvean-si-a-pierdut-viata-astazi-intr-un-incendiu\/","title":{"rendered":"Un giurgiuvean \u015fi-a pierdut via\u0163a, ast\u0103zi, \u00eentr-un incendiu&#8230;"},"content":{"rendered":"<p style=\"text-align: justify;\"><strong><a href=\"https:\/\/www.giurgiuveanul.ro\/stiri\/wp-content\/uploads\/2023\/01\/WhatsApp-Image-2023-01-31-at-14.07.02.jpeg\"><img loading=\"lazy\" decoding=\"async\" class=\"aligncenter wp-image-95315\" src=\"https:\/\/www.giurgiuveanul.ro\/stiri\/wp-content\/uploads\/2023\/01\/WhatsApp-Image-2023-01-31-at-14.07.02-560x355.jpeg\" alt=\"\" width=\"583\" height=\"370\" srcset=\"https:\/\/www.giurgiuveanul.ro\/stiri\/wp-content\/uploads\/2023\/01\/WhatsApp-Image-2023-01-31-at-14.07.02-560x355.jpeg 560w, https:\/\/www.giurgiuveanul.ro\/stiri\/wp-content\/uploads\/2023\/01\/WhatsApp-Image-2023-01-31-at-14.07.02-250x158.jpeg 250w, https:\/\/www.giurgiuveanul.ro\/stiri\/wp-content\/uploads\/2023\/01\/WhatsApp-Image-2023-01-31-at-14.07.02-768x486.jpeg 768w, https:\/\/www.giurgiuveanul.ro\/stiri\/wp-content\/uploads\/2023\/01\/WhatsApp-Image-2023-01-31-at-14.07.02-1536x973.jpeg 1536w, https:\/\/www.giurgiuveanul.ro\/stiri\/wp-content\/uploads\/2023\/01\/WhatsApp-Image-2023-01-31-at-14.07.02-400x253.jpeg 400w, https:\/\/www.giurgiuveanul.ro\/stiri\/wp-content\/uploads\/2023\/01\/WhatsApp-Image-2023-01-31-at-14.07.02.jpeg 1615w\" sizes=\"auto, (max-width: 583px) 100vw, 583px\" \/><\/a>Un b\u0103rbat, \u00een v\u00e2rst\u0103 de<!--more--> 89 de ani, din satul Mo\u0219teni, \u0219i-a pierdut via\u021ba \u00een urma unui incendiu izbucnit \u00een locuin\u021ba sa. Tragedia s-a produs ast\u0103zi, \u00een jurul pr\u00e2nzului, potrivit ISU Giurgiu.<\/strong><\/p>\n<p><a href=\"https:\/\/www.giurgiuveanul.ro\/stiri\/wp-content\/uploads\/2023\/01\/WhatsApp-Image-2023-01-31-at-14.07.02-1.jpeg\"><img loading=\"lazy\" decoding=\"async\" class=\"aligncenter  wp-image-95318\" src=\"https:\/\/www.giurgiuveanul.ro\/stiri\/wp-content\/uploads\/2023\/01\/WhatsApp-Image-2023-01-31-at-14.07.02-1-439x450.jpeg\" alt=\"\" width=\"574\" height=\"588\" srcset=\"https:\/\/www.giurgiuveanul.ro\/stiri\/wp-content\/uploads\/2023\/01\/WhatsApp-Image-2023-01-31-at-14.07.02-1-439x450.jpeg 439w, https:\/\/www.giurgiuveanul.ro\/stiri\/wp-content\/uploads\/2023\/01\/WhatsApp-Image-2023-01-31-at-14.07.02-1-250x256.jpeg 250w, https:\/\/www.giurgiuveanul.ro\/stiri\/wp-content\/uploads\/2023\/01\/WhatsApp-Image-2023-01-31-at-14.07.02-1-768x787.jpeg 768w, https:\/\/www.giurgiuveanul.ro\/stiri\/wp-content\/uploads\/2023\/01\/WhatsApp-Image-2023-01-31-at-14.07.02-1-400x410.jpeg 400w, https:\/\/www.giurgiuveanul.ro\/stiri\/wp-content\/uploads\/2023\/01\/WhatsApp-Image-2023-01-31-at-14.07.02-1.jpeg 896w\" sizes=\"auto, (max-width: 574px) 100vw, 574px\" \/><\/a><\/p>\n<p style=\"text-align: justify;\">La fa\u021ba locului s-au deplasat pompierii din cadrul Deta\u0219amentului Bolintin Deal, cu dou\u0103 autospeciale de stingere cu ap\u0103 \u0219i spum\u0103, o cistern\u0103, o ambulan\u021b\u0103 SAJ \u0219i echipaje de Poli\u021bie.<\/p>\n<p style=\"text-align: justify;\">Vecinii le-au spus pompierilor c\u0103 exist\u0103 riscul ca b\u0103rbatul care locuie\u0219te \u00een casa respectiv\u0103 s\u0103 fie \u00eentr-una dintre \u00eenc\u0103peri, motiv pentru care echipajele au \u00eenceput imediat c\u0103utarea acestuia, concomitent cu actiunea de stingere a incendiului.<\/p>\n<p style=\"text-align: justify;\">Din p\u0103cate, b\u0103rbatul a fost surprins sub un tavan care s-a pr\u0103bu\u0219it, fiind g\u0103sit de pompieri \u00een holul casei, f\u0103r\u0103 semne vitale.<\/p>\n<p style=\"text-align: justify;\">Echipajul SAJ prezent la caz a declarat decesul acestuia.<\/p>\n<p style=\"text-align: justify;\">La sosirea echipajelor, incendiul se manifesta violent \u00een buc\u0103t\u0103rie, dormitor, hol, dar \u0219i la acoperi\u0219ul locuin\u021bei pe o suprafa\u021b\u0103 de aproximativ 40 mp.<\/p>\n<p style=\"text-align: justify;\">Incendiul a fost observat t\u00e2rziu \u0219i cel mai probabil s-a produs din cauza burlanului de fum neprotejat termic fa\u021b\u0103 de materialele combustibile din apropiere.<\/p>\n<p>&nbsp;<\/p>\n<p style=\"text-align: justify;\"><strong>Pentru \u00eenl\u0103turarea pericolului de incendiu ce poate ap\u0103rea pe timpul exploat\u0103rii co\u015furilor \u0219i a burlanelor de evacuare a fumului, trebuie adoptate urm\u0103toarele m\u0103suri:<\/strong><\/p>\n<p style=\"text-align: justify;\">&#8211;\u00a0\u00a0\u00a0\u00a0\u00a0\u00a0 verificarea co\u015furilor \/ burlanelor de evacuare a fumului, pentru ca acestea s\u0103 nu prezinte fisuri care s\u0103 permit\u0103 sc\u00e2nteilor s\u0103 incendieze materialele combustibile ale plan\u0219eului sau acoperi\u0219ului (grinzi, astereal\u0103 etc.);<\/p>\n<p style=\"text-align: justify;\">&#8211;\u00a0\u00a0\u00a0\u00a0\u00a0\u00a0 p\u0103strarea distan\u0163ei dintre fa\u0163a exterioar\u0103 a co\u015furilor \u015fi elementele combustibile ale acoperi\u015fului;<\/p>\n<p style=\"text-align: justify;\">&#8211;\u00a0\u00a0\u00a0\u00a0\u00a0\u00a0 \u00eengro\u0219area zid\u0103riei co\u015fului la trecerea prin plan\u015fee, l\u0103s\u00e2ndu-se un spa\u0163iu \u00eentre aceast\u0103 zid\u0103rie \u015fi elementele combustibile ale plan\u015feului;<\/p>\n<p style=\"text-align: justify;\">&#8211;\u00a0\u00a0\u00a0\u00a0\u00a0\u00a0 tencuirea \u015fi v\u0103ruirea p\u0103r\u0163ii din pod a co\u015fului de fum, \u00een scopul detect\u0103rii imediate a fisurilor (c\u0103ldura sau sc\u00e2nteile care ies prin fisurile unui co\u015f de fum deteriorat constituie surse de aprindere, dac\u0103 \u00een zona lor exist\u0103 elemente de construc\u0163ie sau structuri din lemn: grinzi, b\u00e2rne, suport acoperi\u015f etc.);<\/p>\n<p style=\"text-align: justify;\">&#8211;\u00a0\u00a0\u00a0\u00a0\u00a0\u00a0 cur\u0103\u021barea periodic\u0103 a co\u0219urilor de fum pentru eliminarea depunerilor de funingine care se pot aprinde sau pot obtura canalele de evacuare.<\/p>\n","protected":false},"excerpt":{"rendered":"<p>Un b\u0103rbat, \u00een v\u00e2rst\u0103 de<\/p>\n","protected":false},"author":1,"featured_media":0,"comment_status":"open","ping_status":"open","sticky":false,"template":"","format":"standard","meta":{"footnotes":""},"categories":[6],"tags":[],"class_list":["post-95314","post","type-post","status-publish","format-standard","hentry","category-breaking-news"],"_links":{"self":[{"href":"https:\/\/www.giurgiuveanul.ro\/stiri\/wp-json\/wp\/v2\/posts\/95314","targetHints":{"allow":["GET"]}}],"collection":[{"href":"https:\/\/www.giurgiuveanul.ro\/stiri\/wp-json\/wp\/v2\/posts"}],"about":[{"href":"https:\/\/www.giurgiuveanul.ro\/stiri\/wp-json\/wp\/v2\/types\/post"}],"author":[{"embeddable":true,"href":"https:\/\/www.giurgiuveanul.ro\/stiri\/wp-json\/wp\/v2\/users\/1"}],"replies":[{"embeddable":true,"href":"https:\/\/www.giurgiuveanul.ro\/stiri\/wp-json\/wp\/v2\/comments?post=95314"}],"version-history":[{"count":0,"href":"https:\/\/www.giurgiuveanul.ro\/stiri\/wp-json\/wp\/v2\/posts\/95314\/revisions"}],"wp:attachment":[{"href":"https:\/\/www.giurgiuveanul.ro\/stiri\/wp-json\/wp\/v2\/media?parent=95314"}],"wp:term":[{"taxonomy":"category","embeddable":true,"href":"https:\/\/www.giurgiuveanul.ro\/stiri\/wp-json\/wp\/v2\/categories?post=95314"},{"taxonomy":"post_tag","embeddable":true,"href":"https:\/\/www.giurgiuveanul.ro\/stiri\/wp-json\/wp\/v2\/tags?post=95314"}],"curies":[{"name":"wp","href":"https:\/\/api.w.org\/{rel}","templated":true}]}}