{"id":95324,"date":"2023-01-31T17:33:41","date_gmt":"2023-01-31T15:33:41","guid":{"rendered":"https:\/\/www.giurgiuveanul.ro\/stiri\/?p=95324"},"modified":"2023-01-31T17:41:18","modified_gmt":"2023-01-31T15:41:18","slug":"deputat-gabriela-horga-mediul-de-afaceri-are-nevoie-de-predictibilitate","status":"publish","type":"post","link":"https:\/\/www.giurgiuveanul.ro\/stiri\/deputat-gabriela-horga-mediul-de-afaceri-are-nevoie-de-predictibilitate\/","title":{"rendered":"Deputat Gabriela Horga: \u201eMediul de afaceri are nevoie de PREDICTIBILITATE!\u201d"},"content":{"rendered":"<p style=\"text-align: justify;\"><a href=\"https:\/\/www.giurgiuveanul.ro\/stiri\/wp-content\/uploads\/2023\/01\/1-1-2.jpg\"><img loading=\"lazy\" decoding=\"async\" class=\"aligncenter wp-image-95325\" src=\"https:\/\/www.giurgiuveanul.ro\/stiri\/wp-content\/uploads\/2023\/01\/1-1-2-560x374.jpg\" alt=\"\" width=\"585\" height=\"391\" srcset=\"https:\/\/www.giurgiuveanul.ro\/stiri\/wp-content\/uploads\/2023\/01\/1-1-2-560x374.jpg 560w, https:\/\/www.giurgiuveanul.ro\/stiri\/wp-content\/uploads\/2023\/01\/1-1-2-250x167.jpg 250w, https:\/\/www.giurgiuveanul.ro\/stiri\/wp-content\/uploads\/2023\/01\/1-1-2-768x512.jpg 768w, https:\/\/www.giurgiuveanul.ro\/stiri\/wp-content\/uploads\/2023\/01\/1-1-2-400x267.jpg 400w, https:\/\/www.giurgiuveanul.ro\/stiri\/wp-content\/uploads\/2023\/01\/1-1-2.jpg 1024w\" sizes=\"auto, (max-width: 585px) 100vw, 585px\" \/><\/a>Pre\u0219edintele PSD, Marcel Ciolacu, vorbe\u0219te \u00een ultima perioad\u0103 despre<!--more--> noi cre\u0219teri de taxe, \u00eenc\u0103lc\u00e2nd un principiu de baz\u0103 al Codului Fiscal, acela c\u0103 mediul de afaceri are nevoie de <strong>PREDICTIBILITATE<\/strong>.<\/p>\n<p style=\"text-align: justify;\">Coali\u021bia are <strong>UN PROGRAM DE GUVERNARE ASUMAT<\/strong>, \u00een care aceste propuneri ale lui Marcel Ciolacu <strong>NU SE REG\u0102SESC<\/strong>.<strong> <a href=\"https:\/\/www.facebook.com\/pnl.ro?__cft__%5b0%5d=AZUtugZwCdqHPDtUllcV0kbqm1wwqwUNBVJ5TJsBuQldEp9MP7_NkthsFjHTjHCjnrd-d09LG6ludaR_-TJyL0J9HSZORmSvsEoOuNuZi2ynvTrD4yZcT4v4vfsso6yigYQESh9jiDLMHRJXbaMaOCDwbWPn_LIpXMMiMgFzPp6NCzze_hpsxdbuMiwSlCOW-To&amp;__tn__=-%5dK-R\">Partidul Na\u021bional Liberal<\/a><\/strong> nu va sus\u021bine noi modific\u0103ri ale Codului Fiscal, mai ales astfel de propuneri care vor afecta negativ economia, mediul de afaceri \u0219i bun\u0103starea cet\u0103\u021benilor.<\/p>\n<p style=\"text-align: justify;\">Marcel Ciolacu vorbe\u0219te despre un impozit de 1% pe cifra de afaceri a marilor companii. Este o idee pe care PSD a mai vehiculat-o \u00een trecut \u0219i speram c\u0103 a renun\u021bat. Marcel Ciolacu nu \u00een\u021belege sau se face c\u0103 nu \u00een\u021belege c\u0103 o astfel de tax\u0103 va avea ca efect cre\u0219terea pre\u021burilor inclusiv la multe produse de baz\u0103. Orice tax\u0103 se reg\u0103se\u0219te \u00een pre\u021b! Vor fi afecta\u021bi tocmai cet\u0103\u021benii a c\u0103ror soarta PSD pretinde c\u0103 o depl\u00e2nge. Ce crede Marcel Ciolacu c\u0103 se va \u00eent\u00e2mpla, de pild\u0103, cu pre\u021bul unui produs alimentar, dac\u0103 noul impozit se va aplica at\u00e2t produc\u0103torului c\u00e2t \u0219i lan\u021bului de magazine care \u00eel vinde?<\/p>\n<p style=\"text-align: justify;\">Mai mult, Marcel Ciolacu spune c\u0103 protejeaz\u0103 companiile rom\u00e2ne\u0219ti prin aceast\u0103 m\u0103sur\u0103, \u00eens\u0103 multe dintre aceste companii au capital rom\u00e2nesc, oare de Altex sau EMAG a auzit?! \u0218i exemplele pot continua. Toate aceste companii creeaz\u0103 locuri de munc\u0103 \u00een Rom\u00e2nia, pl\u0103tesc taxe \u00een Rom\u00e2nia, iar consumatorii sunt cei vor pl\u0103ti pre\u021bul lipsei predictibilit\u0103\u021bii \u0219i m\u0103surilor gre\u0219ite.<\/p>\n<p style=\"text-align: justify;\">De la 1 ianuarie 2023, a intrat \u00een vigoare noua regul\u0103 introdus\u0103 la ini\u021biativa ministrului de Finan\u021be PSD, Adrian C\u00e2ciu, prin care impozitul pe dividende cre\u0219te la 8%. Acum, Marcel Ciolacu vorbe\u0219te, din nou, despre cre\u0219terea impozitului pe dividende?!<\/p>\n<p style=\"text-align: justify;\">Pe de alt\u0103 parte, dac\u0103 Marcel Ciolacu este deranjat c\u0103 taxarea muncii este prea mare, cei de la PSD puteau vota propunerea pe care am ini\u021biat-o \u0219i pe care o sus\u021bin \u00een continuare, de sc\u0103dere a CAS de la 25% la 20%. Este o m\u0103sur\u0103 care va avea ca efect direct cre\u0219terea puterii de cump\u0103rare. Salariul net va cre\u0219te astfel printr-o re\u021binere mai mic\u0103 din salariul brut.<\/p>\n<p style=\"text-align: justify;\">Este bizar, \u00eens\u0103, c\u0103 Marcel Ciolacu se pl\u00e2nge de faptul c\u0103 taxarea muncii este prea mare, dar, \u00een acela\u0219i timp, flutur\u0103 perspectiva impozit\u0103rii progresive.<\/p>\n<p style=\"text-align: justify;\"><strong><a href=\"https:\/\/www.facebook.com\/hashtag\/pnl?__eep__=6&amp;__cft__%5b0%5d=AZUtugZwCdqHPDtUllcV0kbqm1wwqwUNBVJ5TJsBuQldEp9MP7_NkthsFjHTjHCjnrd-d09LG6ludaR_-TJyL0J9HSZORmSvsEoOuNuZi2ynvTrD4yZcT4v4vfsso6yigYQESh9jiDLMHRJXbaMaOCDwbWPn_LIpXMMiMgFzPp6NCzze_hpsxdbuMiwSlCOW-To&amp;__tn__=*NK-R\">PNL<\/a><\/strong> nu va renun\u021ba la cota unic\u0103, iar impozitul progresiv \u00eenseamn\u0103 tocmai cre\u0219terea tax\u0103rii VENITURILOR SALARIALE.<\/p>\n<p style=\"text-align: justify;\">S\u0103 nu uit\u0103m: p\u00e2n\u0103 \u00een 2004, \u00een Rom\u00e2nia s-a aplicat impozitul progresiv, care era \u00eentre 18 \u0219i 40%, \u00een func\u021bie de venit. Tot ce dep\u0103\u0219ea atunci 300 de euro brut era impozitat cu 40%. <strong><a href=\"https:\/\/www.facebook.com\/hashtag\/pnl?__eep__=6&amp;__cft__%5b0%5d=AZUtugZwCdqHPDtUllcV0kbqm1wwqwUNBVJ5TJsBuQldEp9MP7_NkthsFjHTjHCjnrd-d09LG6ludaR_-TJyL0J9HSZORmSvsEoOuNuZi2ynvTrD4yZcT4v4vfsso6yigYQESh9jiDLMHRJXbaMaOCDwbWPn_LIpXMMiMgFzPp6NCzze_hpsxdbuMiwSlCOW-To&amp;__tn__=*NK-R\">PNL<\/a><\/strong> este partidul care a introdus cota unic\u0103, la \u00eenceput 16%, acum 10%.<\/p>\n<p style=\"text-align: center;\"><strong>Gariela Horga,<\/strong><\/p>\n<p style=\"text-align: center;\"><strong> Deputat PNL de Giurgiu<\/strong><\/p>\n","protected":false},"excerpt":{"rendered":"<p>Pre\u0219edintele PSD, Marcel Ciolacu, vorbe\u0219te \u00een ultima perioad\u0103 despre<\/p>\n","protected":false},"author":1,"featured_media":0,"comment_status":"open","ping_status":"open","sticky":false,"template":"","format":"standard","meta":{"footnotes":""},"categories":[6],"tags":[],"class_list":["post-95324","post","type-post","status-publish","format-standard","hentry","category-breaking-news"],"_links":{"self":[{"href":"https:\/\/www.giurgiuveanul.ro\/stiri\/wp-json\/wp\/v2\/posts\/95324","targetHints":{"allow":["GET"]}}],"collection":[{"href":"https:\/\/www.giurgiuveanul.ro\/stiri\/wp-json\/wp\/v2\/posts"}],"about":[{"href":"https:\/\/www.giurgiuveanul.ro\/stiri\/wp-json\/wp\/v2\/types\/post"}],"author":[{"embeddable":true,"href":"https:\/\/www.giurgiuveanul.ro\/stiri\/wp-json\/wp\/v2\/users\/1"}],"replies":[{"embeddable":true,"href":"https:\/\/www.giurgiuveanul.ro\/stiri\/wp-json\/wp\/v2\/comments?post=95324"}],"version-history":[{"count":0,"href":"https:\/\/www.giurgiuveanul.ro\/stiri\/wp-json\/wp\/v2\/posts\/95324\/revisions"}],"wp:attachment":[{"href":"https:\/\/www.giurgiuveanul.ro\/stiri\/wp-json\/wp\/v2\/media?parent=95324"}],"wp:term":[{"taxonomy":"category","embeddable":true,"href":"https:\/\/www.giurgiuveanul.ro\/stiri\/wp-json\/wp\/v2\/categories?post=95324"},{"taxonomy":"post_tag","embeddable":true,"href":"https:\/\/www.giurgiuveanul.ro\/stiri\/wp-json\/wp\/v2\/tags?post=95324"}],"curies":[{"name":"wp","href":"https:\/\/api.w.org\/{rel}","templated":true}]}}