{"id":95334,"date":"2023-02-01T15:43:00","date_gmt":"2023-02-01T13:43:00","guid":{"rendered":"https:\/\/www.giurgiuveanul.ro\/stiri\/?p=95334"},"modified":"2023-02-01T15:43:50","modified_gmt":"2023-02-01T13:43:50","slug":"incendiu-la-un-container-modular-in-slobozia-foto","status":"publish","type":"post","link":"https:\/\/www.giurgiuveanul.ro\/stiri\/incendiu-la-un-container-modular-in-slobozia-foto\/","title":{"rendered":"Incendiu la un container modular, \u00een Slobozia (FOTO)"},"content":{"rendered":"<p style=\"text-align: justify;\"><strong><a href=\"https:\/\/www.giurgiuveanul.ro\/stiri\/wp-content\/uploads\/2023\/02\/WhatsApp-Image-2023-02-01-at-12.31.24.jpeg\"><img loading=\"lazy\" decoding=\"async\" class=\"aligncenter wp-image-95335\" src=\"https:\/\/www.giurgiuveanul.ro\/stiri\/wp-content\/uploads\/2023\/02\/WhatsApp-Image-2023-02-01-at-12.31.24-453x450.jpeg\" alt=\"\" width=\"574\" height=\"570\" srcset=\"https:\/\/www.giurgiuveanul.ro\/stiri\/wp-content\/uploads\/2023\/02\/WhatsApp-Image-2023-02-01-at-12.31.24-453x450.jpeg 453w, https:\/\/www.giurgiuveanul.ro\/stiri\/wp-content\/uploads\/2023\/02\/WhatsApp-Image-2023-02-01-at-12.31.24-250x248.jpeg 250w, https:\/\/www.giurgiuveanul.ro\/stiri\/wp-content\/uploads\/2023\/02\/WhatsApp-Image-2023-02-01-at-12.31.24-768x763.jpeg 768w, https:\/\/www.giurgiuveanul.ro\/stiri\/wp-content\/uploads\/2023\/02\/WhatsApp-Image-2023-02-01-at-12.31.24-200x200.jpeg 200w, https:\/\/www.giurgiuveanul.ro\/stiri\/wp-content\/uploads\/2023\/02\/WhatsApp-Image-2023-02-01-at-12.31.24-400x397.jpeg 400w, https:\/\/www.giurgiuveanul.ro\/stiri\/wp-content\/uploads\/2023\/02\/WhatsApp-Image-2023-02-01-at-12.31.24.jpeg 1194w\" sizes=\"auto, (max-width: 574px) 100vw, 574px\" \/><\/a>Un<!--more--> aragaz l\u0103sat nesupravegheat a provocat un incendiu \u00eentr-un container modular, \u00een care locuiau dou\u0103 persoane.<\/strong><\/p>\n<p style=\"text-align: justify;\">Evenimentul s-a produs ast\u0103zi, \u00een jurul pr\u00e2nzului, \u00een localitatea Slobozia.<\/p>\n<p style=\"text-align: justify;\">Pompierii au mai intervenit \u00een acela\u0219i loc \u0219i \u00een data de 31 octombrie 2022.<\/p>\n<p style=\"text-align: justify;\">La fa\u021ba locului s-au deplasat echipaje din cadrul Deta\u0219amentului Giurgiu, cu dou\u0103 autospeciale de stingere cu ap\u0103 \u0219i spum\u0103 \u0219i o ambulan\u021b\u0103 SMURD.<\/p>\n<p style=\"text-align: justify;\">Ace\u0219tia au constatat faptul c\u0103 ardeau aragazul \u0219i mai multe articole textile depozitate \u00een apropiere.<\/p>\n<p style=\"text-align: justify;\">Pompierii au \u00eenl\u0103turat pericolul de explozie, dup\u0103 ce au evacuat butelia folosit\u0103 pentru preg\u0103tirea hranei.<\/p>\n<p style=\"text-align: justify;\">Interiorul containerului s-a deteriorat \u00een propor\u021bie de 50%.<\/p>\n<p style=\"text-align: justify;\">Respectarea unor reguli simple poate preveni producerea unui incendiu cauzat de l\u0103sarea nesupravegheat\u0103 a aparatelor de g\u0103tit. De aceea, recomand\u0103m respectarea urm\u0103toarelor m\u0103suri:<\/p>\n<p style=\"text-align: justify;\">&#8211; nu l\u0103sa\u0163i m\u00e2ncarea pe foc, nesupravegheat\u0103;<\/p>\n<p style=\"text-align: justify;\">&#8211; dup\u0103 ce a\u0163i terminat de g\u0103tit asigura\u0163i-v\u0103 c\u0103 a\u0163i oprit cuptorul, aragazul \u0219i butelia;<\/p>\n<p style=\"text-align: justify;\">&#8211; cur\u0103\u0163a\u0163i \u015fi \u00eendep\u0103rta\u0163i depunerile de gr\u0103sime \u015fi resturile de m\u00e2ncare de pe aragazurile, plitele \u015fi gr\u0103tarele din buc\u0103t\u0103rie, deoarece acestea pot lua foc u\u015for;<\/p>\n<p style=\"text-align: justify;\">&#8211; nu l\u0103sa\u0163i copiii singuri \u00een buc\u0103t\u0103rie. P\u0103stra\u0163i chibriturile \u015fi brichetele acolo unde ace\u0219tia nu pot ajunge \u015fi amplasa\u0163i un dispozitiv de siguran\u0163\u0103 la u\u015fa de la cuptor.<\/p>\n","protected":false},"excerpt":{"rendered":"<p>Un<\/p>\n","protected":false},"author":1,"featured_media":0,"comment_status":"open","ping_status":"open","sticky":false,"template":"","format":"standard","meta":{"footnotes":""},"categories":[6],"tags":[],"class_list":["post-95334","post","type-post","status-publish","format-standard","hentry","category-breaking-news"],"_links":{"self":[{"href":"https:\/\/www.giurgiuveanul.ro\/stiri\/wp-json\/wp\/v2\/posts\/95334","targetHints":{"allow":["GET"]}}],"collection":[{"href":"https:\/\/www.giurgiuveanul.ro\/stiri\/wp-json\/wp\/v2\/posts"}],"about":[{"href":"https:\/\/www.giurgiuveanul.ro\/stiri\/wp-json\/wp\/v2\/types\/post"}],"author":[{"embeddable":true,"href":"https:\/\/www.giurgiuveanul.ro\/stiri\/wp-json\/wp\/v2\/users\/1"}],"replies":[{"embeddable":true,"href":"https:\/\/www.giurgiuveanul.ro\/stiri\/wp-json\/wp\/v2\/comments?post=95334"}],"version-history":[{"count":0,"href":"https:\/\/www.giurgiuveanul.ro\/stiri\/wp-json\/wp\/v2\/posts\/95334\/revisions"}],"wp:attachment":[{"href":"https:\/\/www.giurgiuveanul.ro\/stiri\/wp-json\/wp\/v2\/media?parent=95334"}],"wp:term":[{"taxonomy":"category","embeddable":true,"href":"https:\/\/www.giurgiuveanul.ro\/stiri\/wp-json\/wp\/v2\/categories?post=95334"},{"taxonomy":"post_tag","embeddable":true,"href":"https:\/\/www.giurgiuveanul.ro\/stiri\/wp-json\/wp\/v2\/tags?post=95334"}],"curies":[{"name":"wp","href":"https:\/\/api.w.org\/{rel}","templated":true}]}}