{"id":95340,"date":"2023-02-01T15:49:51","date_gmt":"2023-02-01T13:49:51","guid":{"rendered":"https:\/\/www.giurgiuveanul.ro\/stiri\/?p=95340"},"modified":"2023-02-01T15:50:02","modified_gmt":"2023-02-01T13:50:02","slug":"eveniment-rutier-pe-dn-5-in-apropierea-localitatii-adunatii-copaceni-foto","status":"publish","type":"post","link":"https:\/\/www.giurgiuveanul.ro\/stiri\/eveniment-rutier-pe-dn-5-in-apropierea-localitatii-adunatii-copaceni-foto\/","title":{"rendered":"Eveniment rutier pe DN 5, \u00een apropierea localit\u0103\u021bii Aduna\u021bii-Cop\u0103ceni (FOTO)"},"content":{"rendered":"<p style=\"text-align: justify;\"><strong><a href=\"https:\/\/www.giurgiuveanul.ro\/stiri\/wp-content\/uploads\/2023\/02\/WhatsApp-Image-2023-02-01-at-13.00.18.jpeg\"><img loading=\"lazy\" decoding=\"async\" class=\"aligncenter wp-image-95341\" src=\"https:\/\/www.giurgiuveanul.ro\/stiri\/wp-content\/uploads\/2023\/02\/WhatsApp-Image-2023-02-01-at-13.00.18-517x450.jpeg\" alt=\"\" width=\"576\" height=\"501\" srcset=\"https:\/\/www.giurgiuveanul.ro\/stiri\/wp-content\/uploads\/2023\/02\/WhatsApp-Image-2023-02-01-at-13.00.18-517x450.jpeg 517w, https:\/\/www.giurgiuveanul.ro\/stiri\/wp-content\/uploads\/2023\/02\/WhatsApp-Image-2023-02-01-at-13.00.18-250x218.jpeg 250w, https:\/\/www.giurgiuveanul.ro\/stiri\/wp-content\/uploads\/2023\/02\/WhatsApp-Image-2023-02-01-at-13.00.18-768x669.jpeg 768w, https:\/\/www.giurgiuveanul.ro\/stiri\/wp-content\/uploads\/2023\/02\/WhatsApp-Image-2023-02-01-at-13.00.18-400x348.jpeg 400w, https:\/\/www.giurgiuveanul.ro\/stiri\/wp-content\/uploads\/2023\/02\/WhatsApp-Image-2023-02-01-at-13.00.18.jpeg 1533w\" sizes=\"auto, (max-width: 576px) 100vw, 576px\" \/><\/a>Ast\u0103zi s-a produs un eveniment rutier pe DN 5, \u00een<!--more--> apropierea localit\u0103\u021bii Aduna\u021bii-Cop\u0103ceni.<\/strong><\/p>\n<p style=\"text-align: justify;\">A fost implicat un autotren, care a lovit parapetul ce desparte sensurile de mers. TIR-ul se deplasa c\u0103tre capital\u0103, fiind \u00eenc\u0103rcat cu buc\u0103\u021bi de tabl\u0103 ambalate \u00een cutii.<\/p>\n<p style=\"text-align: justify;\">La fa\u021ba locului s-au deplasat pompierii din cadrul Punctului de Lucru C\u0103lug\u0103reni, cu o autospecial\u0103 de stingere, o ambulan\u021b\u0103 SAJ \u0219i echipaje de Poli\u021bie.<\/p>\n<p style=\"text-align: justify;\">Conduc\u0103torul auto, \u00een v\u00e2rst\u0103 de 65 de ani, a fost g\u0103sit \u00een cabina autotrenului, fiind preluat de echipajul SAJ pentru acordarea primului ajutor \u0219i transportat la spital.<\/p>\n<p style=\"text-align: justify;\">Pompierii au asigurat m\u0103surile de prevenire a incendiilor.<\/p>\n<p style=\"text-align: justify;\">Traficul nu a fost blocat.<\/p>\n","protected":false},"excerpt":{"rendered":"<p>Ast\u0103zi s-a produs un eveniment rutier pe DN 5, \u00een<\/p>\n","protected":false},"author":1,"featured_media":0,"comment_status":"open","ping_status":"open","sticky":false,"template":"","format":"standard","meta":{"footnotes":""},"categories":[6],"tags":[],"class_list":["post-95340","post","type-post","status-publish","format-standard","hentry","category-breaking-news"],"_links":{"self":[{"href":"https:\/\/www.giurgiuveanul.ro\/stiri\/wp-json\/wp\/v2\/posts\/95340","targetHints":{"allow":["GET"]}}],"collection":[{"href":"https:\/\/www.giurgiuveanul.ro\/stiri\/wp-json\/wp\/v2\/posts"}],"about":[{"href":"https:\/\/www.giurgiuveanul.ro\/stiri\/wp-json\/wp\/v2\/types\/post"}],"author":[{"embeddable":true,"href":"https:\/\/www.giurgiuveanul.ro\/stiri\/wp-json\/wp\/v2\/users\/1"}],"replies":[{"embeddable":true,"href":"https:\/\/www.giurgiuveanul.ro\/stiri\/wp-json\/wp\/v2\/comments?post=95340"}],"version-history":[{"count":0,"href":"https:\/\/www.giurgiuveanul.ro\/stiri\/wp-json\/wp\/v2\/posts\/95340\/revisions"}],"wp:attachment":[{"href":"https:\/\/www.giurgiuveanul.ro\/stiri\/wp-json\/wp\/v2\/media?parent=95340"}],"wp:term":[{"taxonomy":"category","embeddable":true,"href":"https:\/\/www.giurgiuveanul.ro\/stiri\/wp-json\/wp\/v2\/categories?post=95340"},{"taxonomy":"post_tag","embeddable":true,"href":"https:\/\/www.giurgiuveanul.ro\/stiri\/wp-json\/wp\/v2\/tags?post=95340"}],"curies":[{"name":"wp","href":"https:\/\/api.w.org\/{rel}","templated":true}]}}