{"id":95349,"date":"2023-02-01T16:04:38","date_gmt":"2023-02-01T14:04:38","guid":{"rendered":"https:\/\/www.giurgiuveanul.ro\/stiri\/?p=95349"},"modified":"2023-02-01T16:04:50","modified_gmt":"2023-02-01T14:04:50","slug":"a-fost-inaugurat-noul-sediu-al-serviciului-de-probatiune-giurgiu","status":"publish","type":"post","link":"https:\/\/www.giurgiuveanul.ro\/stiri\/a-fost-inaugurat-noul-sediu-al-serviciului-de-probatiune-giurgiu\/","title":{"rendered":"A FOST INAUGURAT NOUL SEDIU AL SERVICIULUI DE PROBA\u021aIUNE GIURGIU"},"content":{"rendered":"<p style=\"text-align: justify;\"><strong><a href=\"https:\/\/www.giurgiuveanul.ro\/stiri\/wp-content\/uploads\/2023\/02\/probatiune-giurgiu.jpg\"><img loading=\"lazy\" decoding=\"async\" class=\"aligncenter wp-image-95350\" src=\"https:\/\/www.giurgiuveanul.ro\/stiri\/wp-content\/uploads\/2023\/02\/probatiune-giurgiu-560x420.jpg\" alt=\"\" width=\"580\" height=\"435\" srcset=\"https:\/\/www.giurgiuveanul.ro\/stiri\/wp-content\/uploads\/2023\/02\/probatiune-giurgiu-560x420.jpg 560w, https:\/\/www.giurgiuveanul.ro\/stiri\/wp-content\/uploads\/2023\/02\/probatiune-giurgiu-250x188.jpg 250w, https:\/\/www.giurgiuveanul.ro\/stiri\/wp-content\/uploads\/2023\/02\/probatiune-giurgiu-768x576.jpg 768w, https:\/\/www.giurgiuveanul.ro\/stiri\/wp-content\/uploads\/2023\/02\/probatiune-giurgiu-400x300.jpg 400w, https:\/\/www.giurgiuveanul.ro\/stiri\/wp-content\/uploads\/2023\/02\/probatiune-giurgiu.jpg 800w\" sizes=\"auto, (max-width: 580px) 100vw, 580px\" \/><\/a>Ast\u0103zi a avut loc<!--more--> inaugurarea noului sediu \u00een care \u00ee\u0219i va desf\u0103\u0219ura activitatea personalul Serviciului de Proba\u021biune Giurgiu. La acest eveniment au participat reprezentan\u021bi ai unor institu\u021bii publice locale precum Tribunalul Giurgiu, Judec\u0103toria Giurgiu, Penitenciarul Giurgiu, Inspectoratul de Poli\u021bie Jude\u021bean Giurgiu, Episcopia Giurgiu, precum \u0219i reprezentan\u021bi ai Direc\u021biei Na\u021bionale de Proba\u021biune din cadrul Ministerului Justi\u021biei.<\/strong><\/p>\n<p style=\"text-align: justify;\">Noul sediu este situat \u00een municipiul Giurgiu, str. Pia\u021ba Unirii nr. 19.<\/p>\n<p style=\"text-align: justify;\">\u00cen trecut, Serviciul de Proba\u021biune Giurgiu a func\u021bionat \u00een cl\u0103direa Tribunalului Giurgiu, \u00eens\u0103 cele dou\u0103 camere oferite de Tribunalul Giurgiu deveniser\u0103 insuficiente pentru cei 10 angaja\u021bi ai Serviciului de Proba\u021biune.<\/p>\n<p style=\"text-align: justify;\">\u00cen eviden\u021bele Serviciului de Proba\u021biune Giurgiu se aflau 852 dosare de proba\u021biune active, la data de 31.12.2022, aproximativ jum\u0103tate dintre acestea fiind \u00eenregistrate \u00een cursul anului 2022. Dar activitatea de supraveghere a modului de respectare a m\u0103surilor de supraveghere \u0219i de \u00eendeplinire a obliga\u021biilor impuse prin sentin\u021bele penale persoanelor sanc\u021bionate\/condamnate penal nu este singura activitate a consilierilor de proba\u021biune.<\/p>\n<p style=\"text-align: justify;\">Pe l\u00e2ng\u0103 aceasta, consilierii de proba\u021biune sprijin\u0103 instan\u021bele \u00een procesul de individualizare a pedepselor, \u00eentocmesc referate \u0219i rapoarte de evaluare la solicitarea organelor judiciare sau din ini\u021biativ\u0103 proprie, particip\u0103 la punerea \u00een executare a sanc\u021biunilor penale aplicate minorilor, precum \u0219i la \u0219edin\u021bele de lucru ale comisiei de liberare condi\u021bionat\u0103 din cadrul Penitenciarului de Maxim\u0103 Siguran\u021b\u0103 Giurgiu.<\/p>\n","protected":false},"excerpt":{"rendered":"<p>Ast\u0103zi a avut loc<\/p>\n","protected":false},"author":1,"featured_media":0,"comment_status":"open","ping_status":"open","sticky":false,"template":"","format":"standard","meta":{"footnotes":""},"categories":[6],"tags":[],"class_list":["post-95349","post","type-post","status-publish","format-standard","hentry","category-breaking-news"],"_links":{"self":[{"href":"https:\/\/www.giurgiuveanul.ro\/stiri\/wp-json\/wp\/v2\/posts\/95349","targetHints":{"allow":["GET"]}}],"collection":[{"href":"https:\/\/www.giurgiuveanul.ro\/stiri\/wp-json\/wp\/v2\/posts"}],"about":[{"href":"https:\/\/www.giurgiuveanul.ro\/stiri\/wp-json\/wp\/v2\/types\/post"}],"author":[{"embeddable":true,"href":"https:\/\/www.giurgiuveanul.ro\/stiri\/wp-json\/wp\/v2\/users\/1"}],"replies":[{"embeddable":true,"href":"https:\/\/www.giurgiuveanul.ro\/stiri\/wp-json\/wp\/v2\/comments?post=95349"}],"version-history":[{"count":0,"href":"https:\/\/www.giurgiuveanul.ro\/stiri\/wp-json\/wp\/v2\/posts\/95349\/revisions"}],"wp:attachment":[{"href":"https:\/\/www.giurgiuveanul.ro\/stiri\/wp-json\/wp\/v2\/media?parent=95349"}],"wp:term":[{"taxonomy":"category","embeddable":true,"href":"https:\/\/www.giurgiuveanul.ro\/stiri\/wp-json\/wp\/v2\/categories?post=95349"},{"taxonomy":"post_tag","embeddable":true,"href":"https:\/\/www.giurgiuveanul.ro\/stiri\/wp-json\/wp\/v2\/tags?post=95349"}],"curies":[{"name":"wp","href":"https:\/\/api.w.org\/{rel}","templated":true}]}}