{"id":95365,"date":"2023-02-02T09:08:06","date_gmt":"2023-02-02T07:08:06","guid":{"rendered":"https:\/\/www.giurgiuveanul.ro\/stiri\/?p=95365"},"modified":"2023-02-02T09:08:06","modified_gmt":"2023-02-02T07:08:06","slug":"un-tanar-giurgiuvean-a-fost-arestat-preventiv-pentru-furt-calificat","status":"publish","type":"post","link":"https:\/\/www.giurgiuveanul.ro\/stiri\/un-tanar-giurgiuvean-a-fost-arestat-preventiv-pentru-furt-calificat\/","title":{"rendered":"Un t\u00e2n\u0103r giurgiuvean a fost arestat preventiv pentru furt calificat"},"content":{"rendered":"<p style=\"text-align: justify;\"><strong><a href=\"https:\/\/www.giurgiuveanul.ro\/stiri\/wp-content\/uploads\/2023\/01\/000-catuse_ciocan.jpg\"><img loading=\"lazy\" decoding=\"async\" class=\"aligncenter  wp-image-95028\" src=\"https:\/\/www.giurgiuveanul.ro\/stiri\/wp-content\/uploads\/2023\/01\/000-catuse_ciocan-560x391.jpg\" alt=\"\" width=\"583\" height=\"407\" srcset=\"https:\/\/www.giurgiuveanul.ro\/stiri\/wp-content\/uploads\/2023\/01\/000-catuse_ciocan-560x391.jpg 560w, https:\/\/www.giurgiuveanul.ro\/stiri\/wp-content\/uploads\/2023\/01\/000-catuse_ciocan-250x175.jpg 250w, https:\/\/www.giurgiuveanul.ro\/stiri\/wp-content\/uploads\/2023\/01\/000-catuse_ciocan-400x279.jpg 400w, https:\/\/www.giurgiuveanul.ro\/stiri\/wp-content\/uploads\/2023\/01\/000-catuse_ciocan.jpg 700w\" sizes=\"auto, (max-width: 583px) 100vw, 583px\" \/><\/a>Poli\u021bia Municipiului Giurgiu a fost<!--more--> sesizat\u0103, la data de 8 iunie 2022, \u00a0prin S.N.U.A.U. 112,\u00a0 de c\u0103tre un reprezentant al unei societ\u0103\u021bi comerciale din municipiul Giurgiu, cu privire la faptul c\u0103 persoane necunoscute ar fi sustras mai multe bunuri, din incinta unei loca\u021bii, situat\u0103 \u00een municipiul Giurgiu, potrivit IPJ.<\/strong><\/p>\n<p style=\"text-align: justify;\">\n<p style=\"text-align: justify;\">\u00cen temeiul sesiz\u0103rii, la fa\u0163a locului s-a deplasat echipa operativ\u0103, iar, din primele cercet\u0103ri, a reie\u0219it faptul c\u0103 persoane necunoscute ar fi p\u0103truns \u00een interiorul unei loca\u021bii din municipiul Giurgiu \u0219i ar fi sustras mai multe cabluri electrice din cupru.<\/p>\n<p style=\"text-align: justify;\">\n<p style=\"text-align: justify;\">\u00cen cauz\u0103, a fost \u00eentocmit un dosar penal sub aspectul s\u0103v\u00e2r\u015firii infrac\u0163iunii de furt calificat.<\/p>\n<p style=\"text-align: justify;\">\n<p style=\"text-align: justify;\">\u00cen urma cercet\u0103rilor efectuate \u0219i a probatoriului administrat \u00een cauz\u0103, sub coordonarea procurorului din cadrul Parchetului de pe l\u00e2ng\u0103 Judec\u0103toria Giurgiu, a fost identificat\u0103 persoana \u00een cauz\u0103, ca fiind un b\u0103rbat, de 21 de ani, din municipiul Giurgiu.<\/p>\n<p style=\"text-align: justify;\">\n<p style=\"text-align: justify;\">Din cercet\u0103ri, a reie\u0219it faptul c\u0103, \u00een perioada iunie-decembrie 2022, acesta ar fi s\u0103v\u00e2r\u0219it \u00eenc\u0103 \u0219ase infrac\u021biuni de furt din locuin\u021be, \u00een municipiul Giurgiu.<\/p>\n<p style=\"text-align: justify;\">\n<p style=\"text-align: justify;\">La data de 30 ianuarie a.c., b\u0103rbatul \u00een cauz\u0103 a fost re\u021binut, pentru 24 de ore, iar la data de 31 ianuarie a.c., instan\u021ba de judecat\u0103 a dispus, fa\u021b\u0103 de acesta, m\u0103sura arest\u0103rii preventive, pentru 30 de zile.<\/p>\n","protected":false},"excerpt":{"rendered":"<p>Poli\u021bia Municipiului Giurgiu a fost<\/p>\n","protected":false},"author":1,"featured_media":0,"comment_status":"open","ping_status":"open","sticky":false,"template":"","format":"standard","meta":{"footnotes":""},"categories":[6],"tags":[],"class_list":["post-95365","post","type-post","status-publish","format-standard","hentry","category-breaking-news"],"_links":{"self":[{"href":"https:\/\/www.giurgiuveanul.ro\/stiri\/wp-json\/wp\/v2\/posts\/95365","targetHints":{"allow":["GET"]}}],"collection":[{"href":"https:\/\/www.giurgiuveanul.ro\/stiri\/wp-json\/wp\/v2\/posts"}],"about":[{"href":"https:\/\/www.giurgiuveanul.ro\/stiri\/wp-json\/wp\/v2\/types\/post"}],"author":[{"embeddable":true,"href":"https:\/\/www.giurgiuveanul.ro\/stiri\/wp-json\/wp\/v2\/users\/1"}],"replies":[{"embeddable":true,"href":"https:\/\/www.giurgiuveanul.ro\/stiri\/wp-json\/wp\/v2\/comments?post=95365"}],"version-history":[{"count":0,"href":"https:\/\/www.giurgiuveanul.ro\/stiri\/wp-json\/wp\/v2\/posts\/95365\/revisions"}],"wp:attachment":[{"href":"https:\/\/www.giurgiuveanul.ro\/stiri\/wp-json\/wp\/v2\/media?parent=95365"}],"wp:term":[{"taxonomy":"category","embeddable":true,"href":"https:\/\/www.giurgiuveanul.ro\/stiri\/wp-json\/wp\/v2\/categories?post=95365"},{"taxonomy":"post_tag","embeddable":true,"href":"https:\/\/www.giurgiuveanul.ro\/stiri\/wp-json\/wp\/v2\/tags?post=95365"}],"curies":[{"name":"wp","href":"https:\/\/api.w.org\/{rel}","templated":true}]}}