{"id":95375,"date":"2023-02-02T18:14:39","date_gmt":"2023-02-02T16:14:39","guid":{"rendered":"https:\/\/www.giurgiuveanul.ro\/stiri\/?p=95375"},"modified":"2023-02-02T18:46:09","modified_gmt":"2023-02-02T16:46:09","slug":"2-februarie-ziua-mondiala-a-zonelor-umede-la-giurgiu","status":"publish","type":"post","link":"https:\/\/www.giurgiuveanul.ro\/stiri\/2-februarie-ziua-mondiala-a-zonelor-umede-la-giurgiu\/","title":{"rendered":"2 februarie: \u201eZIUA MONDIAL\u0102 A ZONELOR UMEDE\u201d, la Giurgiu!"},"content":{"rendered":"<p style=\"text-align: justify;\"><strong><a href=\"https:\/\/www.giurgiuveanul.ro\/stiri\/wp-content\/uploads\/2023\/02\/WhatsApp-Image-2023-02-02-at-14.56.58.jpeg\"><img loading=\"lazy\" decoding=\"async\" class=\"aligncenter wp-image-95376\" src=\"https:\/\/www.giurgiuveanul.ro\/stiri\/wp-content\/uploads\/2023\/02\/WhatsApp-Image-2023-02-02-at-14.56.58-560x420.jpeg\" alt=\"\" width=\"581\" height=\"436\" srcset=\"https:\/\/www.giurgiuveanul.ro\/stiri\/wp-content\/uploads\/2023\/02\/WhatsApp-Image-2023-02-02-at-14.56.58-560x420.jpeg 560w, https:\/\/www.giurgiuveanul.ro\/stiri\/wp-content\/uploads\/2023\/02\/WhatsApp-Image-2023-02-02-at-14.56.58-250x188.jpeg 250w, https:\/\/www.giurgiuveanul.ro\/stiri\/wp-content\/uploads\/2023\/02\/WhatsApp-Image-2023-02-02-at-14.56.58-768x576.jpeg 768w, https:\/\/www.giurgiuveanul.ro\/stiri\/wp-content\/uploads\/2023\/02\/WhatsApp-Image-2023-02-02-at-14.56.58-1536x1152.jpeg 1536w, https:\/\/www.giurgiuveanul.ro\/stiri\/wp-content\/uploads\/2023\/02\/WhatsApp-Image-2023-02-02-at-14.56.58-400x300.jpeg 400w, https:\/\/www.giurgiuveanul.ro\/stiri\/wp-content\/uploads\/2023\/02\/WhatsApp-Image-2023-02-02-at-14.56.58.jpeg 1600w\" sizes=\"auto, (max-width: 581px) 100vw, 581px\" \/><\/a>An de an, la 2 februarie,<!--more--> omenirea marcheaz\u0103 ziua mondial\u0103 a zonelor umede. La aceast\u0103 dat\u0103, \u00een 1971, era semnat\u0103 Conven\u0163ia Ramsar, actul interna\u0163ional care stabile\u015fte reguli de protec\u0163ie a acestor ecosisteme.<\/strong><\/p>\n<p style=\"text-align: justify;\">Vie\u0163ile a peste jum\u0103tate de miliard dintre locuitorii planetei depind de pescuit \u015fi acvacultur\u0103.<\/p>\n<p style=\"text-align: justify;\">De asemenea, spa\u0163iile umede ad\u0103postesc forme de via\u0163\u0103 foarte diverse, protejeaz\u0103 litoralurile \u015fi stocheaz\u0103 dioxidul de carbon pentru a regla schimb\u0103rile climatice.<\/p>\n<p style=\"text-align: justify;\">\u00cen ultimul secol, peste jum\u0103tate dintre zonele umede au disp\u0103rut, iar restul sunt adesea degradate.<\/p>\n<p style=\"text-align: justify;\">O alt\u0103 zi, respectiv cea de <strong>ast\u0103zi, 2 februarie, a fost la \u015ecoala Gimnazial\u0103 \u201eAcademician Marin Voiculescu din Giurgiu&#8221;.<\/strong><\/p>\n<p><a href=\"https:\/\/www.giurgiuveanul.ro\/stiri\/wp-content\/uploads\/2023\/02\/WhatsApp-Image-2023-02-02-at-14.56.59.jpeg\"><img loading=\"lazy\" decoding=\"async\" class=\"aligncenter wp-image-95378\" src=\"https:\/\/www.giurgiuveanul.ro\/stiri\/wp-content\/uploads\/2023\/02\/WhatsApp-Image-2023-02-02-at-14.56.59-560x420.jpeg\" alt=\"\" width=\"580\" height=\"435\" srcset=\"https:\/\/www.giurgiuveanul.ro\/stiri\/wp-content\/uploads\/2023\/02\/WhatsApp-Image-2023-02-02-at-14.56.59-560x420.jpeg 560w, https:\/\/www.giurgiuveanul.ro\/stiri\/wp-content\/uploads\/2023\/02\/WhatsApp-Image-2023-02-02-at-14.56.59-250x188.jpeg 250w, https:\/\/www.giurgiuveanul.ro\/stiri\/wp-content\/uploads\/2023\/02\/WhatsApp-Image-2023-02-02-at-14.56.59-768x576.jpeg 768w, https:\/\/www.giurgiuveanul.ro\/stiri\/wp-content\/uploads\/2023\/02\/WhatsApp-Image-2023-02-02-at-14.56.59-1536x1152.jpeg 1536w, https:\/\/www.giurgiuveanul.ro\/stiri\/wp-content\/uploads\/2023\/02\/WhatsApp-Image-2023-02-02-at-14.56.59-400x300.jpeg 400w, https:\/\/www.giurgiuveanul.ro\/stiri\/wp-content\/uploads\/2023\/02\/WhatsApp-Image-2023-02-02-at-14.56.59.jpeg 1600w\" sizes=\"auto, (max-width: 580px) 100vw, 580px\" \/><\/a> <a href=\"https:\/\/www.giurgiuveanul.ro\/stiri\/wp-content\/uploads\/2023\/02\/WhatsApp-Image-2023-02-02-at-14.57.26.jpeg\"><img loading=\"lazy\" decoding=\"async\" class=\"aligncenter wp-image-95379\" src=\"https:\/\/www.giurgiuveanul.ro\/stiri\/wp-content\/uploads\/2023\/02\/WhatsApp-Image-2023-02-02-at-14.57.26-560x252.jpeg\" alt=\"\" width=\"578\" height=\"260\" srcset=\"https:\/\/www.giurgiuveanul.ro\/stiri\/wp-content\/uploads\/2023\/02\/WhatsApp-Image-2023-02-02-at-14.57.26-560x252.jpeg 560w, https:\/\/www.giurgiuveanul.ro\/stiri\/wp-content\/uploads\/2023\/02\/WhatsApp-Image-2023-02-02-at-14.57.26-250x113.jpeg 250w, https:\/\/www.giurgiuveanul.ro\/stiri\/wp-content\/uploads\/2023\/02\/WhatsApp-Image-2023-02-02-at-14.57.26-768x346.jpeg 768w, https:\/\/www.giurgiuveanul.ro\/stiri\/wp-content\/uploads\/2023\/02\/WhatsApp-Image-2023-02-02-at-14.57.26-1536x691.jpeg 1536w, https:\/\/www.giurgiuveanul.ro\/stiri\/wp-content\/uploads\/2023\/02\/WhatsApp-Image-2023-02-02-at-14.57.26-400x180.jpeg 400w, https:\/\/www.giurgiuveanul.ro\/stiri\/wp-content\/uploads\/2023\/02\/WhatsApp-Image-2023-02-02-at-14.57.26.jpeg 1600w\" sizes=\"auto, (max-width: 578px) 100vw, 578px\" \/><\/a><\/p>\n<p style=\"text-align: justify;\">\u00cen perioada 1-3 februarie a.c., APM Giurgiu desf\u0103\u0219oar\u0103 \u00een unit\u0103\u021bile \u0219colare din municipiul Giurgiu o campanie de informare dedicat\u0103 \u201eZONELOR UMEDE\u201d, dup\u0103 cum urmeaz\u0103:<\/p>\n<p style=\"text-align: justify;\">&#8211; o serie de seminarii \u00een care vor fi prezentate materiale informative \u0219i vor fi dezb\u0103tute aspecte referitoare la zonele umede din jude\u021b \u0219i din \u0163ar\u0103;<\/p>\n<p style=\"text-align: justify;\">&#8211; prezentarea filmule\u021bului \u201eImportanta Zonelor Umede\u201d.<\/p>\n","protected":false},"excerpt":{"rendered":"<p>An de an, la 2 februarie,<\/p>\n","protected":false},"author":1,"featured_media":0,"comment_status":"open","ping_status":"open","sticky":false,"template":"","format":"standard","meta":{"footnotes":""},"categories":[6],"tags":[],"class_list":["post-95375","post","type-post","status-publish","format-standard","hentry","category-breaking-news"],"_links":{"self":[{"href":"https:\/\/www.giurgiuveanul.ro\/stiri\/wp-json\/wp\/v2\/posts\/95375","targetHints":{"allow":["GET"]}}],"collection":[{"href":"https:\/\/www.giurgiuveanul.ro\/stiri\/wp-json\/wp\/v2\/posts"}],"about":[{"href":"https:\/\/www.giurgiuveanul.ro\/stiri\/wp-json\/wp\/v2\/types\/post"}],"author":[{"embeddable":true,"href":"https:\/\/www.giurgiuveanul.ro\/stiri\/wp-json\/wp\/v2\/users\/1"}],"replies":[{"embeddable":true,"href":"https:\/\/www.giurgiuveanul.ro\/stiri\/wp-json\/wp\/v2\/comments?post=95375"}],"version-history":[{"count":0,"href":"https:\/\/www.giurgiuveanul.ro\/stiri\/wp-json\/wp\/v2\/posts\/95375\/revisions"}],"wp:attachment":[{"href":"https:\/\/www.giurgiuveanul.ro\/stiri\/wp-json\/wp\/v2\/media?parent=95375"}],"wp:term":[{"taxonomy":"category","embeddable":true,"href":"https:\/\/www.giurgiuveanul.ro\/stiri\/wp-json\/wp\/v2\/categories?post=95375"},{"taxonomy":"post_tag","embeddable":true,"href":"https:\/\/www.giurgiuveanul.ro\/stiri\/wp-json\/wp\/v2\/tags?post=95375"}],"curies":[{"name":"wp","href":"https:\/\/api.w.org\/{rel}","templated":true}]}}