{"id":95384,"date":"2023-02-03T11:26:17","date_gmt":"2023-02-03T09:26:17","guid":{"rendered":"https:\/\/www.giurgiuveanul.ro\/stiri\/?p=95384"},"modified":"2023-02-03T11:26:31","modified_gmt":"2023-02-03T09:26:31","slug":"ipj-giurgiu-actiune-desfasurata-de-politistii-rutieri-pentru-combaterea-abaterilor-savarsite-de-biciclisti","status":"publish","type":"post","link":"https:\/\/www.giurgiuveanul.ro\/stiri\/ipj-giurgiu-actiune-desfasurata-de-politistii-rutieri-pentru-combaterea-abaterilor-savarsite-de-biciclisti\/","title":{"rendered":"IPJ Giurgiu. Ac\u021biune desf\u0103\u0219urat\u0103 de poli\u021bi\u0219tii rutieri pentru combaterea abaterilor s\u0103v\u00e2r\u0219ite de bicicli\u0219ti"},"content":{"rendered":"<p style=\"text-align: justify;\"><strong><a href=\"https:\/\/www.giurgiuveanul.ro\/stiri\/wp-content\/uploads\/2023\/02\/000-actiune-biciclisti.jpg\"><img loading=\"lazy\" decoding=\"async\" class=\"aligncenter wp-image-95385\" src=\"https:\/\/www.giurgiuveanul.ro\/stiri\/wp-content\/uploads\/2023\/02\/000-actiune-biciclisti-560x443.jpg\" alt=\"\" width=\"578\" height=\"457\" srcset=\"https:\/\/www.giurgiuveanul.ro\/stiri\/wp-content\/uploads\/2023\/02\/000-actiune-biciclisti-560x443.jpg 560w, https:\/\/www.giurgiuveanul.ro\/stiri\/wp-content\/uploads\/2023\/02\/000-actiune-biciclisti-250x198.jpg 250w, https:\/\/www.giurgiuveanul.ro\/stiri\/wp-content\/uploads\/2023\/02\/000-actiune-biciclisti-768x608.jpg 768w, https:\/\/www.giurgiuveanul.ro\/stiri\/wp-content\/uploads\/2023\/02\/000-actiune-biciclisti-400x317.jpg 400w, https:\/\/www.giurgiuveanul.ro\/stiri\/wp-content\/uploads\/2023\/02\/000-actiune-biciclisti.jpg 1190w\" sizes=\"auto, (max-width: 578px) 100vw, 578px\" \/><\/a>Poli\u0163i\u015ftii rutieri, din cadrul Inspectoratului de Poli\u021bie Jude\u021bean Giurgiu, au<!--more--> desf\u0103\u015furat, recent, pe drumurile publice din jude\u021b, ac\u0163iuni pentru cre\u0219terea gradului de disciplin\u0103 rutier\u0103 \u0219i prevenirea accidentelor de circula\u021bie \u00een care sunt implica\u021bi bicicli\u0219ti.<\/strong><\/p>\n<p style=\"text-align: justify;\">La nivelul jude\u021bului Giurgiu, una dintre principalele cauze generatoare de accidente rutiere o reprezint\u0103 abaterile s\u0103v\u00e2r\u0219ite de c\u0103tre bicicli\u0219ti.<\/p>\n<p style=\"text-align: justify;\">\u00cen cadrul activit\u0103\u021bilor, <strong>poli\u021bi\u0219tii rutieri au aplicat 52 de sanc\u021biuni contraven\u021bionale, \u00een valoare de 19.910 lei, dintre care 16 pentru abateri s\u0103v\u00e2r\u0219ite de c\u0103tre bicicli\u0219ti<\/strong>.<\/p>\n<p style=\"text-align: justify;\">De asemenea, poli\u021bi\u0219tii le-au explicat acestora principalele cauze generatoare de accidente rutiere \u0219i le-au expus acestora consecin\u021bele negative ale nerespect\u0103rii regulilor de circula\u021bie, \u00een vederea con\u0219tientiz\u0103rii riscurilor la care se expun atunci c\u00e2nd se deplaseaz\u0103 pe drumurile publice \u0219i nu le respect\u0103.<\/p>\n<p style=\"text-align: justify;\">Totodat\u0103, poli\u021bi\u0219tii le-au reamintit bicicli\u0219tilor c\u00e2teva reguli de circula\u021bie:<\/p>\n<p style=\"text-align: justify;\">\u2013 Bicicli\u0219tilor le este interzis s\u0103 circule f\u0103r\u0103 a \u021bine cel pu\u0163in o m\u00e2n\u0103 pe ghidon \u015fi ambele picioare pe pedale, ori f\u0103r\u0103 a men\u021bine contactul ambelor ro\u021bi cu solul;<\/p>\n<p style=\"text-align: justify;\">\u2013 De asemenea, este interzis\u0103 circula\u021bia cu bicicleta atunci c\u00e2nd conduc\u0103torul acesteia se afl\u0103 sub influen\u021ba b\u0103uturilor alcoolice;<\/p>\n<p style=\"text-align: justify;\">\u2013 Transportul unei alte personae pe biciclet\u0103 este interzis, cu excep\u0163ia situa\u0163iei c\u00e2nd vehiculul este construit \u015fi\/sau echipat special pentru transportul altor persoane; copilul \u00een v\u00e2rst\u0103 de p\u00e2n\u0103 la 7 ani poate fi transportat pe biciclet\u0103, de c\u0103tre un adult, numai dac\u0103 vehiculul este prev\u0103zut din construc\u0163ie cu un suport special, sau dac\u0103 are montat un dispozitiv omologat.<\/p>\n","protected":false},"excerpt":{"rendered":"<p>Poli\u0163i\u015ftii rutieri, din cadrul Inspectoratului de Poli\u021bie Jude\u021bean Giurgiu, au<\/p>\n","protected":false},"author":1,"featured_media":0,"comment_status":"open","ping_status":"open","sticky":false,"template":"","format":"standard","meta":{"footnotes":""},"categories":[6],"tags":[],"class_list":["post-95384","post","type-post","status-publish","format-standard","hentry","category-breaking-news"],"_links":{"self":[{"href":"https:\/\/www.giurgiuveanul.ro\/stiri\/wp-json\/wp\/v2\/posts\/95384","targetHints":{"allow":["GET"]}}],"collection":[{"href":"https:\/\/www.giurgiuveanul.ro\/stiri\/wp-json\/wp\/v2\/posts"}],"about":[{"href":"https:\/\/www.giurgiuveanul.ro\/stiri\/wp-json\/wp\/v2\/types\/post"}],"author":[{"embeddable":true,"href":"https:\/\/www.giurgiuveanul.ro\/stiri\/wp-json\/wp\/v2\/users\/1"}],"replies":[{"embeddable":true,"href":"https:\/\/www.giurgiuveanul.ro\/stiri\/wp-json\/wp\/v2\/comments?post=95384"}],"version-history":[{"count":0,"href":"https:\/\/www.giurgiuveanul.ro\/stiri\/wp-json\/wp\/v2\/posts\/95384\/revisions"}],"wp:attachment":[{"href":"https:\/\/www.giurgiuveanul.ro\/stiri\/wp-json\/wp\/v2\/media?parent=95384"}],"wp:term":[{"taxonomy":"category","embeddable":true,"href":"https:\/\/www.giurgiuveanul.ro\/stiri\/wp-json\/wp\/v2\/categories?post=95384"},{"taxonomy":"post_tag","embeddable":true,"href":"https:\/\/www.giurgiuveanul.ro\/stiri\/wp-json\/wp\/v2\/tags?post=95384"}],"curies":[{"name":"wp","href":"https:\/\/api.w.org\/{rel}","templated":true}]}}