{"id":95412,"date":"2023-02-05T12:51:42","date_gmt":"2023-02-05T10:51:42","guid":{"rendered":"https:\/\/www.giurgiuveanul.ro\/stiri\/?p=95412"},"modified":"2023-02-05T12:51:54","modified_gmt":"2023-02-05T10:51:54","slug":"isu-giurgiu-meteorologii-ne-atentioneaza-ca-pana-vineri-vremea-va-fi-rece-in-toate-regiunile-tarii","status":"publish","type":"post","link":"https:\/\/www.giurgiuveanul.ro\/stiri\/isu-giurgiu-meteorologii-ne-atentioneaza-ca-pana-vineri-vremea-va-fi-rece-in-toate-regiunile-tarii\/","title":{"rendered":"ISU Giurgiu. Meteorologii ne aten\u0163ioneaz\u0103 c\u0103 p\u00e2n\u0103 vineri, vremea va fi rece \u00een toate regiunile \u021b\u0103rii"},"content":{"rendered":"<p style=\"text-align: justify;\"><strong><a href=\"https:\/\/www.giurgiuveanul.ro\/stiri\/wp-content\/uploads\/2023\/02\/329508678_1651511205319128_1291200514114668459_n.jpg\"><img loading=\"lazy\" decoding=\"async\" class=\"aligncenter wp-image-95413\" src=\"https:\/\/www.giurgiuveanul.ro\/stiri\/wp-content\/uploads\/2023\/02\/329508678_1651511205319128_1291200514114668459_n-537x450.jpg\" alt=\"\" width=\"578\" height=\"485\" srcset=\"https:\/\/www.giurgiuveanul.ro\/stiri\/wp-content\/uploads\/2023\/02\/329508678_1651511205319128_1291200514114668459_n-537x450.jpg 537w, https:\/\/www.giurgiuveanul.ro\/stiri\/wp-content\/uploads\/2023\/02\/329508678_1651511205319128_1291200514114668459_n-250x210.jpg 250w, https:\/\/www.giurgiuveanul.ro\/stiri\/wp-content\/uploads\/2023\/02\/329508678_1651511205319128_1291200514114668459_n-768x644.jpg 768w, https:\/\/www.giurgiuveanul.ro\/stiri\/wp-content\/uploads\/2023\/02\/329508678_1651511205319128_1291200514114668459_n-400x335.jpg 400w, https:\/\/www.giurgiuveanul.ro\/stiri\/wp-content\/uploads\/2023\/02\/329508678_1651511205319128_1291200514114668459_n.jpg 940w\" sizes=\"auto, (max-width: 578px) 100vw, 578px\" \/><\/a>Meteorologii ne atentioneaz\u0103 c\u0103 p\u00e2n\u0103 vineri, vremea va fi rece \u00een toate regiunile \u021b\u0103rii, cu temperaturi maxime<!--more--> preponderent negative. Va fi ger \u00een special noaptea \u0219i diminea\u021ba.<\/strong><\/p>\n<p style=\"text-align: justify;\">Temperaturile minime vor fi cuprinse \u00een marea lor majoritate \u00eentre -14 \u0219i -4 grade, iar v\u00e2ntul va avea intensific\u0103ri, amplific\u00e2nd senza\u021bia de frig.<\/p>\n<p style=\"text-align: justify;\">Frigul extrem poate fi periculos \u0219i de aceea trebuie s\u0103 ne protej\u0103m c\u00e2t mai bine.<\/p>\n<p style=\"text-align: justify;\">\u00cembr\u0103ca\u021bi-v\u0103 gros!<\/p>\n<p style=\"text-align: justify;\">C\u00e2nd sta\u021bi afar\u0103, mi\u0219ca\u021bi-v\u0103 permanent pentru a v\u0103 p\u0103stra c\u0103ldura corporal\u0103!<\/p>\n<p style=\"text-align: justify;\">Evita\u021bi trecerea, \u00een mod brusc, din \u00eenc\u0103perile \u00eenc\u0103lzite la temperaturile foarte sc\u0103zute din mediu.<\/p>\n<p style=\"text-align: justify;\">M\u00e2nca\u0163i regulat \u015fi consuma\u0163i multe lichide, evit\u00e2nd excesul de cofein\u0103 sau alcool.<\/p>\n<p style=\"text-align: justify;\">Proteja\u0163i persoanele \u00een v\u00e2rst\u0103, care au probleme de s\u0103n\u0103tate, copiii \u0219i femeile \u00eens\u0103rcinate.<\/p>\n<p style=\"text-align: justify;\">Purta\u021bi \u00eenc\u0103l\u021b\u0103minte cu t\u0103lpi groase, antiderapante, pentru a evita c\u0103derile.<\/p>\n<p style=\"text-align: justify;\">\u00cen situa\u021bii de urgen\u021b\u0103 medical\u0103, apela\u021bi num\u0103rul unic 1\ufe0f\u20e31\ufe0f\u20e32\ufe0f\u20e3.<\/p>\n<p style=\"text-align: justify;\">\u203c\ufe0fPentru \u00eenl\u0103turarea pericolului de incendiu:<\/p>\n<p style=\"text-align: justify;\">\u2714verifica\u021bi sobele, canalele \u015fi co\u015furile de evacuare a fumului, pentru ca acestea s\u0103 nu prezinte fisuri care s\u0103 permit\u0103 sc\u00e2nteilor s\u0103 incendieze materialele combustibile din apropiere;<\/p>\n<p style=\"text-align: justify;\">\u2714nu folosi\u0163i alte materiale combustibile \u00een afar\u0103 de cele pentru care a fost destinat\u0103 soba \u015fi evita\u0163i supra\u00eenc\u0103rcarea acesteia;<\/p>\n<p style=\"text-align: justify;\">\u2714 nu pune\u021bi \u00een apropierea sobei sau pe aceasta materiale combustibile;<\/p>\n<p style=\"text-align: justify;\">\u2714 stinge\u0163i focul din sob\u0103 \u00eenainte de a p\u0103r\u0103si locuin\u0163a;<\/p>\n<p style=\"text-align: justify;\">\u2714 nu adormi\u0163i cu soba aprins\u0103;<\/p>\n<p style=\"text-align: justify;\">\u2714 verifica\u0163i integritatea aparatelor \u015fi a mijloacelor de \u00eenc\u0103lzire electrice;<\/p>\n<p style=\"text-align: justify;\">\u2714 decupla\u0163i aparatele de \u00eenc\u0103lzire electrice \u00eenainte de a p\u0103r\u0103si locuin\u0163a sau de a adormi;<\/p>\n<p style=\"text-align: justify;\">\u2714 nu l\u0103sa\u0163i copiii nesupraveghea\u0163i, cu soba aprins\u0103 sau cu aparatele de \u00eenc\u0103lzire electrice \u00een func\u0163iune.<\/p>\n","protected":false},"excerpt":{"rendered":"<p>Meteorologii ne atentioneaz\u0103 c\u0103 p\u00e2n\u0103 vineri, vremea va fi rece \u00een toate regiunile \u021b\u0103rii, cu temperaturi maxime<\/p>\n","protected":false},"author":1,"featured_media":0,"comment_status":"open","ping_status":"open","sticky":false,"template":"","format":"standard","meta":{"footnotes":""},"categories":[6],"tags":[],"class_list":["post-95412","post","type-post","status-publish","format-standard","hentry","category-breaking-news"],"_links":{"self":[{"href":"https:\/\/www.giurgiuveanul.ro\/stiri\/wp-json\/wp\/v2\/posts\/95412","targetHints":{"allow":["GET"]}}],"collection":[{"href":"https:\/\/www.giurgiuveanul.ro\/stiri\/wp-json\/wp\/v2\/posts"}],"about":[{"href":"https:\/\/www.giurgiuveanul.ro\/stiri\/wp-json\/wp\/v2\/types\/post"}],"author":[{"embeddable":true,"href":"https:\/\/www.giurgiuveanul.ro\/stiri\/wp-json\/wp\/v2\/users\/1"}],"replies":[{"embeddable":true,"href":"https:\/\/www.giurgiuveanul.ro\/stiri\/wp-json\/wp\/v2\/comments?post=95412"}],"version-history":[{"count":0,"href":"https:\/\/www.giurgiuveanul.ro\/stiri\/wp-json\/wp\/v2\/posts\/95412\/revisions"}],"wp:attachment":[{"href":"https:\/\/www.giurgiuveanul.ro\/stiri\/wp-json\/wp\/v2\/media?parent=95412"}],"wp:term":[{"taxonomy":"category","embeddable":true,"href":"https:\/\/www.giurgiuveanul.ro\/stiri\/wp-json\/wp\/v2\/categories?post=95412"},{"taxonomy":"post_tag","embeddable":true,"href":"https:\/\/www.giurgiuveanul.ro\/stiri\/wp-json\/wp\/v2\/tags?post=95412"}],"curies":[{"name":"wp","href":"https:\/\/api.w.org\/{rel}","templated":true}]}}