{"id":95419,"date":"2023-02-06T09:25:59","date_gmt":"2023-02-06T07:25:59","guid":{"rendered":"https:\/\/www.giurgiuveanul.ro\/stiri\/?p=95419"},"modified":"2023-02-06T09:26:11","modified_gmt":"2023-02-06T07:26:11","slug":"azi-noapte-26-de-persoane-au-fost-evacuate-in-urma-unui-incendiu-produs-pe-casa-scarii-pe-soseaua-bucuresti-in-municipiul-giurgiu","status":"publish","type":"post","link":"https:\/\/www.giurgiuveanul.ro\/stiri\/azi-noapte-26-de-persoane-au-fost-evacuate-in-urma-unui-incendiu-produs-pe-casa-scarii-pe-soseaua-bucuresti-in-municipiul-giurgiu\/","title":{"rendered":"Azi-noapte, 26 de persoane au fost evacuate \u00een urma unui incendiu produs pe casa sc\u0103rii, pe \u0219oseaua Bucure\u0219ti, \u00een municipiul Giurgiu"},"content":{"rendered":"<p style=\"text-align: justify;\"><strong><a href=\"https:\/\/www.giurgiuveanul.ro\/stiri\/wp-content\/uploads\/2023\/02\/WhatsApp-Image-2023-02-06-at-07.33.18.jpeg\"><img loading=\"lazy\" decoding=\"async\" class=\"aligncenter wp-image-95420\" src=\"https:\/\/www.giurgiuveanul.ro\/stiri\/wp-content\/uploads\/2023\/02\/WhatsApp-Image-2023-02-06-at-07.33.18-422x450.jpeg\" alt=\"\" width=\"581\" height=\"620\" srcset=\"https:\/\/www.giurgiuveanul.ro\/stiri\/wp-content\/uploads\/2023\/02\/WhatsApp-Image-2023-02-06-at-07.33.18-422x450.jpeg 422w, https:\/\/www.giurgiuveanul.ro\/stiri\/wp-content\/uploads\/2023\/02\/WhatsApp-Image-2023-02-06-at-07.33.18-250x266.jpeg 250w, https:\/\/www.giurgiuveanul.ro\/stiri\/wp-content\/uploads\/2023\/02\/WhatsApp-Image-2023-02-06-at-07.33.18-768x818.jpeg 768w, https:\/\/www.giurgiuveanul.ro\/stiri\/wp-content\/uploads\/2023\/02\/WhatsApp-Image-2023-02-06-at-07.33.18-1441x1536.jpeg 1441w, https:\/\/www.giurgiuveanul.ro\/stiri\/wp-content\/uploads\/2023\/02\/WhatsApp-Image-2023-02-06-at-07.33.18-400x426.jpeg 400w, https:\/\/www.giurgiuveanul.ro\/stiri\/wp-content\/uploads\/2023\/02\/WhatsApp-Image-2023-02-06-at-07.33.18.jpeg 1506w\" sizes=\"auto, (max-width: 581px) 100vw, 581px\" \/><\/a>26 de persoane, dintre care trei copii, dar \u0219i patru<!--more--> animale de companie (c\u00e2ini \u0219i pisici) au fost evacuate, azi-noapte, din apartamentele \u00een care locuiau, \u00een urma unui incendiu produs pe casa sc\u0103rii. Evenimentul a avut loc \u00eentr-un bloc turn, situat pe \u0219oseaua Bucure\u0219ti din municipiul Giurgiu.<\/strong><\/p>\n<p style=\"text-align: justify;\">Oamenii au sim\u021bit un miros puternic de fum pe scar\u0103 \u0219i au sunat la 112.<\/p>\n<p style=\"text-align: justify;\">La caz s-au deplasat, \u00een cel mai scurt timp, pompierii din cadrul Deta\u0219amentului Giurgiu cu dou\u0103 autospeciale de stingere cu ap\u0103 \u0219i spum\u0103, o autospecial\u0103 pentru interven\u021bie \u0219i salvare de la \u00een\u0103l\u021bime, o descarcerare, o ambulan\u021b\u0103 SMURD, o ambulan\u021b\u0103 SAJ, echipaje de poli\u021bie \u0219i jandarmi.<\/p>\n<p style=\"text-align: justify;\">Pompierii au constatat c\u0103 incendiul se manifesta la etajul cinci, acolo unde au ars par\u021bial dou\u0103 pl\u0103ci de rigips care erau depozitate pe scar\u0103, ghivece cu flori, o mas\u0103 \u0219i cabluri electrice, de televiziune \u0219i de internet.<\/p>\n<p><a href=\"https:\/\/www.giurgiuveanul.ro\/stiri\/wp-content\/uploads\/2023\/02\/WhatsApp-Image-2023-02-06-at-07.33.17.jpeg\"><img loading=\"lazy\" decoding=\"async\" class=\"aligncenter wp-image-95422\" src=\"https:\/\/www.giurgiuveanul.ro\/stiri\/wp-content\/uploads\/2023\/02\/WhatsApp-Image-2023-02-06-at-07.33.17-560x443.jpeg\" alt=\"\" width=\"566\" height=\"448\" srcset=\"https:\/\/www.giurgiuveanul.ro\/stiri\/wp-content\/uploads\/2023\/02\/WhatsApp-Image-2023-02-06-at-07.33.17-560x443.jpeg 560w, https:\/\/www.giurgiuveanul.ro\/stiri\/wp-content\/uploads\/2023\/02\/WhatsApp-Image-2023-02-06-at-07.33.17-250x198.jpeg 250w, https:\/\/www.giurgiuveanul.ro\/stiri\/wp-content\/uploads\/2023\/02\/WhatsApp-Image-2023-02-06-at-07.33.17-768x608.jpeg 768w, https:\/\/www.giurgiuveanul.ro\/stiri\/wp-content\/uploads\/2023\/02\/WhatsApp-Image-2023-02-06-at-07.33.17-1536x1216.jpeg 1536w, https:\/\/www.giurgiuveanul.ro\/stiri\/wp-content\/uploads\/2023\/02\/WhatsApp-Image-2023-02-06-at-07.33.17-400x317.jpeg 400w, https:\/\/www.giurgiuveanul.ro\/stiri\/wp-content\/uploads\/2023\/02\/WhatsApp-Image-2023-02-06-at-07.33.17.jpeg 1842w\" sizes=\"auto, (max-width: 566px) 100vw, 566px\" \/><\/a><\/p>\n<p style=\"text-align: justify;\">Echipajele medicale au preluat dou\u0103 femei \u00een v\u00e2rst\u0103 de 45 \u0219i 67 de ani, care s-au speriat din cauza incendiului. Acestea au primit \u00eengrijiri medicale la fa\u021ba locului.<\/p>\n<p style=\"text-align: justify;\">Pe holul de la etajul cinci, s-a deteriorat peretele sc\u0103rii pe o suprafa\u021b\u0103 de aproximativ patru mp. Pompierii au reu\u0219it s\u0103 limiteze propagarea incendiului la apartamentele de pe scar\u0103.<\/p>\n<p style=\"text-align: justify;\">Cel mai probabil, evenimentul a fost provocat de lum\u00e2n\u0103rile l\u0103sate aprinse la una dintre u\u0219i, \u00een memoria unei persoane care a decedat. Proprietarii nu se aflau la domiciliu \u00een momentul producerii incendiului.<\/p>\n<p style=\"text-align: justify;\"><strong>Informare preventiv\u0103 <\/strong><\/p>\n<p style=\"text-align: justify;\">Pentru a preveni astfel de evenimente <strong>Inspectoratul pentru Situa\u0163ii de Urgen\u0163\u0103 ,,Vla\u0219ca\u201d al Jude\u0163ului Giurgiu recomand\u0103 respectarea urm\u0103toarelor m\u0103suri de ap\u0103rare \u00eempotriva incendiilor<\/strong>:<\/p>\n<p style=\"text-align: justify;\"><em>&#8211; nu l\u0103sa\u021bi lum\u00e2n\u0103rile aprinse, nesupravegheate. Cel mai bine este s\u0103 le stinge\u0163i pentru a evita producerea unui incendiu \u00een lipsa dumneavoastr\u0103;<\/em><\/p>\n<p style=\"text-align: justify;\"><em>&#8211; stinge\u021bi \u00eentotdeauna lum\u00e2n\u0103rile \u00eenainte de a le muta;<\/em><\/p>\n<p style=\"text-align: justify;\"><em>&#8211; asigura\u021bi-v\u0103 c\u0103 lum\u00e2narea se afl\u0103 \u00een pozi\u0163ie vertical\u0103 \u015fi c\u0103 este fixat\u0103 \u00eentr-un suport special destinat, astfel \u00eenc\u00e2t s\u0103 nu cad\u0103 sau s\u0103 curg\u0103 pic\u0103turi de cear\u0103 fierbinte;<\/em><\/p>\n<p style=\"text-align: justify;\"><em>&#8211;\u00a0 a\u0219eza\u021bi \u00eentotdeauna lum\u00e2n\u0103rile pe o suprafa\u0163\u0103 neted\u0103 rezistent\u0103 la c\u0103ldur\u0103;<\/em><\/p>\n<p style=\"text-align: justify;\"><em>&#8211; nu v\u0103 apleca\u021bi deasupra lum\u00e2n\u0103rilor: s-ar putea s\u0103 v\u0103 ia foc p\u0103rul sau hainele;<\/em><\/p>\n<p style=\"text-align: justify;\"><em>&#8211; nu pune\u021bi lum\u00e2n\u0103rile aprinse foarte aproape de tot ceea ce se poate aprinde u\u015for (mobilier, perdele, ziare etc.), \u00een locuri \u00een care pot ajunge copiii mici \u015fi animalele de companie, pentru a nu le r\u0103sturna \u015fi provoca incendii;<\/em><\/p>\n<p style=\"text-align: justify;\"><em>&#8211; nu adormi\u0163i cu lum\u00e2n\u0103rile aprinse.<\/em><\/p>\n","protected":false},"excerpt":{"rendered":"<p>26 de persoane, dintre care trei copii, dar \u0219i patru<\/p>\n","protected":false},"author":1,"featured_media":0,"comment_status":"open","ping_status":"open","sticky":false,"template":"","format":"standard","meta":{"footnotes":""},"categories":[6],"tags":[],"class_list":["post-95419","post","type-post","status-publish","format-standard","hentry","category-breaking-news"],"_links":{"self":[{"href":"https:\/\/www.giurgiuveanul.ro\/stiri\/wp-json\/wp\/v2\/posts\/95419","targetHints":{"allow":["GET"]}}],"collection":[{"href":"https:\/\/www.giurgiuveanul.ro\/stiri\/wp-json\/wp\/v2\/posts"}],"about":[{"href":"https:\/\/www.giurgiuveanul.ro\/stiri\/wp-json\/wp\/v2\/types\/post"}],"author":[{"embeddable":true,"href":"https:\/\/www.giurgiuveanul.ro\/stiri\/wp-json\/wp\/v2\/users\/1"}],"replies":[{"embeddable":true,"href":"https:\/\/www.giurgiuveanul.ro\/stiri\/wp-json\/wp\/v2\/comments?post=95419"}],"version-history":[{"count":0,"href":"https:\/\/www.giurgiuveanul.ro\/stiri\/wp-json\/wp\/v2\/posts\/95419\/revisions"}],"wp:attachment":[{"href":"https:\/\/www.giurgiuveanul.ro\/stiri\/wp-json\/wp\/v2\/media?parent=95419"}],"wp:term":[{"taxonomy":"category","embeddable":true,"href":"https:\/\/www.giurgiuveanul.ro\/stiri\/wp-json\/wp\/v2\/categories?post=95419"},{"taxonomy":"post_tag","embeddable":true,"href":"https:\/\/www.giurgiuveanul.ro\/stiri\/wp-json\/wp\/v2\/tags?post=95419"}],"curies":[{"name":"wp","href":"https:\/\/api.w.org\/{rel}","templated":true}]}}