{"id":95425,"date":"2023-02-06T14:42:08","date_gmt":"2023-02-06T12:42:08","guid":{"rendered":"https:\/\/www.giurgiuveanul.ro\/stiri\/?p=95425"},"modified":"2023-02-06T14:42:08","modified_gmt":"2023-02-06T12:42:08","slug":"in-urma-cu-putin-timp-autotren-incarcat-cu-rapita-rasturnat-pe-dn-6-la-intrare-in-localitatea-valea-plopilor-foto","status":"publish","type":"post","link":"https:\/\/www.giurgiuveanul.ro\/stiri\/in-urma-cu-putin-timp-autotren-incarcat-cu-rapita-rasturnat-pe-dn-6-la-intrare-in-localitatea-valea-plopilor-foto\/","title":{"rendered":"\u00cen urm\u0103 cu pu\u0163in timp, autotren \u00eenc\u0103rcat cu rapi\u021b\u0103, r\u0103sturnat pe DN 6, la intrare \u00een localitatea Valea Plopilor (FOTO)"},"content":{"rendered":"<p style=\"text-align: justify;\"><strong><a href=\"https:\/\/www.giurgiuveanul.ro\/stiri\/wp-content\/uploads\/2023\/02\/0000-tri-cu-rapita-rasurnat.jpg\"><img loading=\"lazy\" decoding=\"async\" class=\"aligncenter  wp-image-95426\" src=\"https:\/\/www.giurgiuveanul.ro\/stiri\/wp-content\/uploads\/2023\/02\/0000-tri-cu-rapita-rasurnat-560x405.jpg\" alt=\"\" width=\"578\" height=\"418\" srcset=\"https:\/\/www.giurgiuveanul.ro\/stiri\/wp-content\/uploads\/2023\/02\/0000-tri-cu-rapita-rasurnat-560x405.jpg 560w, https:\/\/www.giurgiuveanul.ro\/stiri\/wp-content\/uploads\/2023\/02\/0000-tri-cu-rapita-rasurnat-250x181.jpg 250w, https:\/\/www.giurgiuveanul.ro\/stiri\/wp-content\/uploads\/2023\/02\/0000-tri-cu-rapita-rasurnat-768x555.jpg 768w, https:\/\/www.giurgiuveanul.ro\/stiri\/wp-content\/uploads\/2023\/02\/0000-tri-cu-rapita-rasurnat-400x289.jpg 400w, https:\/\/www.giurgiuveanul.ro\/stiri\/wp-content\/uploads\/2023\/02\/0000-tri-cu-rapita-rasurnat.jpg 1075w\" sizes=\"auto, (max-width: 578px) 100vw, 578px\" \/><\/a>Un autotren \u00eenc\u0103rcat cu rapi\u021b\u0103<!--more--> s-a r\u0103sturnat, \u00een urm\u0103 cu pu\u021bin timp, pe DN 6, la intrare \u00een localitatea Valea Plopilor, potrivit ISU Giurgiu.<\/strong><\/p>\n<p style=\"text-align: justify;\">La fa\u021ba locului s-au deplasat pompierii din cadrul G\u0103rzii de Interven\u021bie Mih\u0103ile\u0219ti, cu o autospecial\u0103 de stingere, o ambulan\u021b\u0103 SAJ \u0219i Poli\u021bia. Pompierii au g\u0103sit tirul pe o parte, ocup\u00e2nd par\u021bial una dintre cele dou\u0103 benzi de circula\u0163ie.<\/p>\n<p style=\"text-align: justify;\">Din fericire, conduc\u0103torul auto nu a fost r\u0103nit.<\/p>\n<p style=\"text-align: justify;\">Pompierii au asigurat m\u0103surile de prevenire a incendiilor.<\/p>\n","protected":false},"excerpt":{"rendered":"<p>Un autotren \u00eenc\u0103rcat cu rapi\u021b\u0103<\/p>\n","protected":false},"author":1,"featured_media":0,"comment_status":"open","ping_status":"open","sticky":false,"template":"","format":"standard","meta":{"footnotes":""},"categories":[6],"tags":[],"class_list":["post-95425","post","type-post","status-publish","format-standard","hentry","category-breaking-news"],"_links":{"self":[{"href":"https:\/\/www.giurgiuveanul.ro\/stiri\/wp-json\/wp\/v2\/posts\/95425","targetHints":{"allow":["GET"]}}],"collection":[{"href":"https:\/\/www.giurgiuveanul.ro\/stiri\/wp-json\/wp\/v2\/posts"}],"about":[{"href":"https:\/\/www.giurgiuveanul.ro\/stiri\/wp-json\/wp\/v2\/types\/post"}],"author":[{"embeddable":true,"href":"https:\/\/www.giurgiuveanul.ro\/stiri\/wp-json\/wp\/v2\/users\/1"}],"replies":[{"embeddable":true,"href":"https:\/\/www.giurgiuveanul.ro\/stiri\/wp-json\/wp\/v2\/comments?post=95425"}],"version-history":[{"count":0,"href":"https:\/\/www.giurgiuveanul.ro\/stiri\/wp-json\/wp\/v2\/posts\/95425\/revisions"}],"wp:attachment":[{"href":"https:\/\/www.giurgiuveanul.ro\/stiri\/wp-json\/wp\/v2\/media?parent=95425"}],"wp:term":[{"taxonomy":"category","embeddable":true,"href":"https:\/\/www.giurgiuveanul.ro\/stiri\/wp-json\/wp\/v2\/categories?post=95425"},{"taxonomy":"post_tag","embeddable":true,"href":"https:\/\/www.giurgiuveanul.ro\/stiri\/wp-json\/wp\/v2\/tags?post=95425"}],"curies":[{"name":"wp","href":"https:\/\/api.w.org\/{rel}","templated":true}]}}