{"id":95456,"date":"2023-02-07T10:34:17","date_gmt":"2023-02-07T08:34:17","guid":{"rendered":"https:\/\/www.giurgiuveanul.ro\/stiri\/?p=95456"},"modified":"2023-02-07T10:34:45","modified_gmt":"2023-02-07T08:34:45","slug":"ipj-giurgiu-perchezitii-la-persoane-banuite-de-savarsirea-infractiunilor-de-inselaciune-fals-intelectual-fals-in-inscrisuri-oficiale-si-uz-de-fals","status":"publish","type":"post","link":"https:\/\/www.giurgiuveanul.ro\/stiri\/ipj-giurgiu-perchezitii-la-persoane-banuite-de-savarsirea-infractiunilor-de-inselaciune-fals-intelectual-fals-in-inscrisuri-oficiale-si-uz-de-fals\/","title":{"rendered":"IPJ Giurgiu. Perchezi\u021bii la persoane b\u0103nuite de s\u0103v\u00e2r\u015firea infrac\u021biunilor de \u00een\u0219el\u0103ciune, fals intelectual, fals \u00een \u00eenscrisuri oficiale \u0219i uz de fals"},"content":{"rendered":"<p style=\"text-align: justify;\"><a href=\"https:\/\/www.giurgiuveanul.ro\/stiri\/wp-content\/uploads\/2023\/02\/mascati.jpg\"><img loading=\"lazy\" decoding=\"async\" class=\"aligncenter wp-image-95457\" src=\"https:\/\/www.giurgiuveanul.ro\/stiri\/wp-content\/uploads\/2023\/02\/mascati-560x394.jpg\" alt=\"\" width=\"579\" height=\"408\" srcset=\"https:\/\/www.giurgiuveanul.ro\/stiri\/wp-content\/uploads\/2023\/02\/mascati-560x394.jpg 560w, https:\/\/www.giurgiuveanul.ro\/stiri\/wp-content\/uploads\/2023\/02\/mascati-250x176.jpg 250w, https:\/\/www.giurgiuveanul.ro\/stiri\/wp-content\/uploads\/2023\/02\/mascati-768x540.jpg 768w, https:\/\/www.giurgiuveanul.ro\/stiri\/wp-content\/uploads\/2023\/02\/mascati-400x282.jpg 400w, https:\/\/www.giurgiuveanul.ro\/stiri\/wp-content\/uploads\/2023\/02\/mascati.jpg 800w\" sizes=\"auto, (max-width: 579px) 100vw, 579px\" \/><\/a>\u00cen aceast\u0103 diminea\u021b\u0103, poli\u021bi\u0219tii din cadrul Inspectoratului de Poli\u021bie Jude\u021bean Giurgiu &#8211; Serviciul de Investigare a Crimialit\u0103\u021bii Economice,<!--more-->sub coordonarea procurorului din cadrul Parchetului de pe l\u00e2ng\u0103 Tribunalul Giurgiu, pun \u00een executare patru mandate de perchezi\u021bie domiciliar\u0103, dintre care dou\u0103 pe raza municipiului Bucure\u0219ti (punct de lucru cabinet stomatologic si domiciliul unui medic stomatolog) si dou\u0103 pe raza municipiului Giurgiu (domiciliile a doi angaja\u021bi din cadrul unei institu\u021bii), \u00een vederea \u00eentregirii probatoriului \u00eentr-un dosar penal \u00een care se efectueaz\u0103 cercet\u0103ri cu privire la s\u0103v\u00e2r\u0219irea infrac\u021biunilor de \u00een\u0219el\u0103ciune, fals intelectual, fals \u00een \u00eenscrisuri sub semn\u0103tur\u0103 privat\u0103 \u0219i uz de fals, de c\u0103tre mai mul\u021bi angaja\u021bi din cadrul unei institu\u021bii, unii dintre ei trecu\u021bi \u00een rezerv\u0103 la data s\u0103v\u00e2r\u0219irii faptelor \u0219i angaja\u021bii unui cabinet stomatologic de pe raza municipiului Bucure\u0219ti.<\/p>\n<p style=\"text-align: justify;\">De asemenea, va fi pus\u0103 \u00een aplicare o ordonan\u021b\u0103 de ridicare \u00eenscrisuri de la un cabinet de avocatur\u0103 din Bucuresti, unde func\u021bioneaz\u0103 sediul social al societ\u0103\u021bii care de\u021bine cabinetul stomatologic.<\/p>\n<p style=\"text-align: justify;\">Din cercet\u0103ri, rezult\u0103 faptul c\u0103 \u00een perioada 2020-2022, 36 de persoane, angaja\u021bi ai unei institu\u021bii, precum \u0219i persoane aflate \u00een \u00eentre\u021binerea acestora, cu sprijinul unui cabinet de stomatologie, au beneficiat de decontarea unor servicii stomatologice fictive, \u00een valoare de aproximativ 970.000 de lei, prejudiciind astfel institu\u021bia.<\/p>\n<p style=\"text-align: justify;\">La sediul structurii vor fi aduse mai multe persoane, \u00een vederea audierii.<\/p>\n<p style=\"text-align: justify;\">Cercet\u0103rile vor fi continuate de c\u0103tre poli\u021bi\u0219tii din cadrul Serviciului de Investigare a Crimialit\u0103\u021bii Economice Giurgiu, sub coordonarea Parchetului de pe l\u00e2ng\u0103 Tribunalul Giurgiu, pentru stabilirea \u00eentregii situa\u021bii de fapt.<\/p>\n","protected":false},"excerpt":{"rendered":"<p>\u00cen aceast\u0103 diminea\u021b\u0103, poli\u021bi\u0219tii din cadrul Inspectoratului de Poli\u021bie Jude\u021bean Giurgiu &#8211; Serviciul de Investigare a Crimialit\u0103\u021bii Economice,<\/p>\n","protected":false},"author":1,"featured_media":0,"comment_status":"open","ping_status":"open","sticky":false,"template":"","format":"standard","meta":{"footnotes":""},"categories":[6],"tags":[],"class_list":["post-95456","post","type-post","status-publish","format-standard","hentry","category-breaking-news"],"_links":{"self":[{"href":"https:\/\/www.giurgiuveanul.ro\/stiri\/wp-json\/wp\/v2\/posts\/95456","targetHints":{"allow":["GET"]}}],"collection":[{"href":"https:\/\/www.giurgiuveanul.ro\/stiri\/wp-json\/wp\/v2\/posts"}],"about":[{"href":"https:\/\/www.giurgiuveanul.ro\/stiri\/wp-json\/wp\/v2\/types\/post"}],"author":[{"embeddable":true,"href":"https:\/\/www.giurgiuveanul.ro\/stiri\/wp-json\/wp\/v2\/users\/1"}],"replies":[{"embeddable":true,"href":"https:\/\/www.giurgiuveanul.ro\/stiri\/wp-json\/wp\/v2\/comments?post=95456"}],"version-history":[{"count":0,"href":"https:\/\/www.giurgiuveanul.ro\/stiri\/wp-json\/wp\/v2\/posts\/95456\/revisions"}],"wp:attachment":[{"href":"https:\/\/www.giurgiuveanul.ro\/stiri\/wp-json\/wp\/v2\/media?parent=95456"}],"wp:term":[{"taxonomy":"category","embeddable":true,"href":"https:\/\/www.giurgiuveanul.ro\/stiri\/wp-json\/wp\/v2\/categories?post=95456"},{"taxonomy":"post_tag","embeddable":true,"href":"https:\/\/www.giurgiuveanul.ro\/stiri\/wp-json\/wp\/v2\/tags?post=95456"}],"curies":[{"name":"wp","href":"https:\/\/api.w.org\/{rel}","templated":true}]}}