{"id":95460,"date":"2023-02-07T17:22:18","date_gmt":"2023-02-07T15:22:18","guid":{"rendered":"https:\/\/www.giurgiuveanul.ro\/stiri\/?p=95460"},"modified":"2023-02-07T17:22:32","modified_gmt":"2023-02-07T15:22:32","slug":"penitenciarul-giurgiu-informare-de-presa","status":"publish","type":"post","link":"https:\/\/www.giurgiuveanul.ro\/stiri\/penitenciarul-giurgiu-informare-de-presa\/","title":{"rendered":"Penitenciarul Giurgiu: Informare de pres\u0103"},"content":{"rendered":"<p style=\"text-align: justify;\"><a href=\"https:\/\/www.giurgiuveanul.ro\/stiri\/wp-content\/uploads\/2023\/02\/IMG_7363.jpg\"><img loading=\"lazy\" decoding=\"async\" class=\"aligncenter wp-image-95461\" src=\"https:\/\/www.giurgiuveanul.ro\/stiri\/wp-content\/uploads\/2023\/02\/IMG_7363-560x362.jpg\" alt=\"\" width=\"577\" height=\"373\" srcset=\"https:\/\/www.giurgiuveanul.ro\/stiri\/wp-content\/uploads\/2023\/02\/IMG_7363-560x362.jpg 560w, https:\/\/www.giurgiuveanul.ro\/stiri\/wp-content\/uploads\/2023\/02\/IMG_7363-250x161.jpg 250w, https:\/\/www.giurgiuveanul.ro\/stiri\/wp-content\/uploads\/2023\/02\/IMG_7363-768x496.jpg 768w, https:\/\/www.giurgiuveanul.ro\/stiri\/wp-content\/uploads\/2023\/02\/IMG_7363-400x258.jpg 400w, https:\/\/www.giurgiuveanul.ro\/stiri\/wp-content\/uploads\/2023\/02\/IMG_7363.jpg 900w\" sizes=\"auto, (max-width: 577px) 100vw, 577px\" \/><\/a>Cu privire la informa\u021biile vehiculate in spa\u021biul public, care fac referire la s\u0103v\u00e2r\u0219irea infrac\u021biunilor de<!--more--> \u00een\u0219el\u0103ciune, fals intelectual, fals \u00een \u00eenscrisuri sub semn\u0103tur\u0103 privat\u0103 \u0219i uz de fals de c\u0103tre poli\u021bi\u0219ti de penitenciare, angaja\u021bi ai Penitenciarului Giurgiu, facem urm\u0103toarele preciz\u0103ri:<\/p>\n<p style=\"text-align: justify;\">\u00cen decursul anului 2022, conducerea Penitenciarului Giurgiu a sesizat organele de cercetare penal\u0103 cu privire la posibila s\u0103v\u00e2r\u0219ire, de c\u0103tre poli\u021bi\u0219ti de penitenciare, a unor infrac\u021biuni de natura celor men\u021bionate mai sus.<\/p>\n<p style=\"text-align: justify;\">\u00cen toat\u0103 perioada efectu\u0103rii cercet\u0103rilor,\u00a0conducerea unit\u0103\u021bii de deten\u021bie a pus la dispozi\u021bia Parchetului de pe l\u00e2ng\u0103 Tribunalul Giurgiu documentele \u0219i informa\u021biile solicitate.<\/p>\n<p style=\"text-align: justify;\">Reiter\u0103m faptul c\u0103 administra\u021bia Penitenciarului Giurgiu ac\u021bioneaz\u0103 permanent \u00een sensul asigur\u0103rii respect\u0103rii, de c\u0103tre personalul din subordine, a prevederilor legale care reglementeaz\u0103 activitatea institu\u021biei penitenciare, a statutului \u0219i deontologiei profesionale, a codului de conduit\u0103 etic\u0103, comb\u0103t\u00e2nd \u00eenc\u0103lcarea acestora cu toate mijloacele aflate la dispozi\u021bie.<\/p>\n","protected":false},"excerpt":{"rendered":"<p>Cu privire la informa\u021biile vehiculate in spa\u021biul public, care fac referire la s\u0103v\u00e2r\u0219irea infrac\u021biunilor de<\/p>\n","protected":false},"author":1,"featured_media":0,"comment_status":"open","ping_status":"open","sticky":false,"template":"","format":"standard","meta":{"footnotes":""},"categories":[6],"tags":[],"class_list":["post-95460","post","type-post","status-publish","format-standard","hentry","category-breaking-news"],"_links":{"self":[{"href":"https:\/\/www.giurgiuveanul.ro\/stiri\/wp-json\/wp\/v2\/posts\/95460","targetHints":{"allow":["GET"]}}],"collection":[{"href":"https:\/\/www.giurgiuveanul.ro\/stiri\/wp-json\/wp\/v2\/posts"}],"about":[{"href":"https:\/\/www.giurgiuveanul.ro\/stiri\/wp-json\/wp\/v2\/types\/post"}],"author":[{"embeddable":true,"href":"https:\/\/www.giurgiuveanul.ro\/stiri\/wp-json\/wp\/v2\/users\/1"}],"replies":[{"embeddable":true,"href":"https:\/\/www.giurgiuveanul.ro\/stiri\/wp-json\/wp\/v2\/comments?post=95460"}],"version-history":[{"count":0,"href":"https:\/\/www.giurgiuveanul.ro\/stiri\/wp-json\/wp\/v2\/posts\/95460\/revisions"}],"wp:attachment":[{"href":"https:\/\/www.giurgiuveanul.ro\/stiri\/wp-json\/wp\/v2\/media?parent=95460"}],"wp:term":[{"taxonomy":"category","embeddable":true,"href":"https:\/\/www.giurgiuveanul.ro\/stiri\/wp-json\/wp\/v2\/categories?post=95460"},{"taxonomy":"post_tag","embeddable":true,"href":"https:\/\/www.giurgiuveanul.ro\/stiri\/wp-json\/wp\/v2\/tags?post=95460"}],"curies":[{"name":"wp","href":"https:\/\/api.w.org\/{rel}","templated":true}]}}