{"id":95481,"date":"2023-02-08T17:06:49","date_gmt":"2023-02-08T15:06:49","guid":{"rendered":"https:\/\/www.giurgiuveanul.ro\/stiri\/?p=95481"},"modified":"2023-02-08T17:07:01","modified_gmt":"2023-02-08T15:07:01","slug":"o-tanara-giurgiuveanca-a-fost-accidentata-mortal","status":"publish","type":"post","link":"https:\/\/www.giurgiuveanul.ro\/stiri\/o-tanara-giurgiuveanca-a-fost-accidentata-mortal\/","title":{"rendered":"O t\u00e2n\u0103r\u0103 giurgiuveanc\u0103 a fost accidentat\u0103 mortal&#8230;"},"content":{"rendered":"<p style=\"text-align: justify;\"><strong><a href=\"https:\/\/www.giurgiuveanul.ro\/stiri\/wp-content\/uploads\/2023\/02\/politia-criminalistica-Giurgiuveanul.jpg\"><img loading=\"lazy\" decoding=\"async\" class=\"aligncenter wp-image-95482\" src=\"https:\/\/www.giurgiuveanul.ro\/stiri\/wp-content\/uploads\/2023\/02\/politia-criminalistica-Giurgiuveanul-547x450.jpg\" alt=\"\" width=\"573\" height=\"472\" srcset=\"https:\/\/www.giurgiuveanul.ro\/stiri\/wp-content\/uploads\/2023\/02\/politia-criminalistica-Giurgiuveanul-547x450.jpg 547w, https:\/\/www.giurgiuveanul.ro\/stiri\/wp-content\/uploads\/2023\/02\/politia-criminalistica-Giurgiuveanul-250x206.jpg 250w, https:\/\/www.giurgiuveanul.ro\/stiri\/wp-content\/uploads\/2023\/02\/politia-criminalistica-Giurgiuveanul-768x632.jpg 768w, https:\/\/www.giurgiuveanul.ro\/stiri\/wp-content\/uploads\/2023\/02\/politia-criminalistica-Giurgiuveanul-400x329.jpg 400w, https:\/\/www.giurgiuveanul.ro\/stiri\/wp-content\/uploads\/2023\/02\/politia-criminalistica-Giurgiuveanul.jpg 800w\" sizes=\"auto, (max-width: 573px) 100vw, 573px\" \/><\/a>Ast\u0103zi, 8 februarie a.c., la ora<!--more-->9.15, pe D.N 41, \u00een localitatea Prundu, a avut loc un eveniment rutier, \u00een care a fost implicat un autoturism \u0219i un pieton, informeaz\u0103 IPJ Giurgiu.<\/strong><\/p>\n<p style=\"text-align: justify;\">\u00cen urma producerii evenimentului rutier, a rezultat decesul pietonului, o femeie, de 28 de ani, din localitatea Hotarele.<\/p>\n<p style=\"text-align: justify;\">Conduc\u0103torul auto, o femeie, de 30 de ani, din municipiul Bucure\u0219ti, a fost testat cu aparatul etilotest, rezultatul fiind 0.<\/p>\n<p style=\"text-align: justify;\">\u00cen cauz\u0103, <strong>cercet\u0103rile sunt continuate, sub aspectul s\u0103v\u00e2r\u0219irii infrac\u021biunii de ucidere din culp\u0103.<\/strong><\/p>\n","protected":false},"excerpt":{"rendered":"<p>Ast\u0103zi, 8 februarie a.c., la ora<\/p>\n","protected":false},"author":1,"featured_media":0,"comment_status":"open","ping_status":"open","sticky":false,"template":"","format":"standard","meta":{"footnotes":""},"categories":[6],"tags":[],"class_list":["post-95481","post","type-post","status-publish","format-standard","hentry","category-breaking-news"],"_links":{"self":[{"href":"https:\/\/www.giurgiuveanul.ro\/stiri\/wp-json\/wp\/v2\/posts\/95481","targetHints":{"allow":["GET"]}}],"collection":[{"href":"https:\/\/www.giurgiuveanul.ro\/stiri\/wp-json\/wp\/v2\/posts"}],"about":[{"href":"https:\/\/www.giurgiuveanul.ro\/stiri\/wp-json\/wp\/v2\/types\/post"}],"author":[{"embeddable":true,"href":"https:\/\/www.giurgiuveanul.ro\/stiri\/wp-json\/wp\/v2\/users\/1"}],"replies":[{"embeddable":true,"href":"https:\/\/www.giurgiuveanul.ro\/stiri\/wp-json\/wp\/v2\/comments?post=95481"}],"version-history":[{"count":0,"href":"https:\/\/www.giurgiuveanul.ro\/stiri\/wp-json\/wp\/v2\/posts\/95481\/revisions"}],"wp:attachment":[{"href":"https:\/\/www.giurgiuveanul.ro\/stiri\/wp-json\/wp\/v2\/media?parent=95481"}],"wp:term":[{"taxonomy":"category","embeddable":true,"href":"https:\/\/www.giurgiuveanul.ro\/stiri\/wp-json\/wp\/v2\/categories?post=95481"},{"taxonomy":"post_tag","embeddable":true,"href":"https:\/\/www.giurgiuveanul.ro\/stiri\/wp-json\/wp\/v2\/tags?post=95481"}],"curies":[{"name":"wp","href":"https:\/\/api.w.org\/{rel}","templated":true}]}}