{"id":95485,"date":"2023-02-08T17:25:54","date_gmt":"2023-02-08T15:25:54","guid":{"rendered":"https:\/\/www.giurgiuveanul.ro\/stiri\/?p=95485"},"modified":"2023-02-08T17:26:20","modified_gmt":"2023-02-08T15:26:20","slug":"lansare-4-4pentru-prieteni-2023-editia-a-v-a-zece-zile-de-fapte-bune","status":"publish","type":"post","link":"https:\/\/www.giurgiuveanul.ro\/stiri\/lansare-4-4pentru-prieteni-2023-editia-a-v-a-zece-zile-de-fapte-bune\/","title":{"rendered":"Lansare 4\/4Pentru Prieteni 2023, Edi\u021bia a V-a, zece zile de fapte bune"},"content":{"rendered":"<p class=\"sqsrte-small\" style=\"text-align: justify;\"><strong><a href=\"https:\/\/www.giurgiuveanul.ro\/stiri\/wp-content\/uploads\/2023\/02\/vizual-44-PentruPrieteni-2023-1.png\"><img loading=\"lazy\" decoding=\"async\" class=\"aligncenter wp-image-95486\" src=\"https:\/\/www.giurgiuveanul.ro\/stiri\/wp-content\/uploads\/2023\/02\/vizual-44-PentruPrieteni-2023-1-450x450.png\" alt=\"\" width=\"580\" height=\"580\" srcset=\"https:\/\/www.giurgiuveanul.ro\/stiri\/wp-content\/uploads\/2023\/02\/vizual-44-PentruPrieteni-2023-1-450x450.png 450w, https:\/\/www.giurgiuveanul.ro\/stiri\/wp-content\/uploads\/2023\/02\/vizual-44-PentruPrieteni-2023-1-250x250.png 250w, https:\/\/www.giurgiuveanul.ro\/stiri\/wp-content\/uploads\/2023\/02\/vizual-44-PentruPrieteni-2023-1-768x768.png 768w, https:\/\/www.giurgiuveanul.ro\/stiri\/wp-content\/uploads\/2023\/02\/vizual-44-PentruPrieteni-2023-1-200x200.png 200w, https:\/\/www.giurgiuveanul.ro\/stiri\/wp-content\/uploads\/2023\/02\/vizual-44-PentruPrieteni-2023-1-400x400.png 400w, https:\/\/www.giurgiuveanul.ro\/stiri\/wp-content\/uploads\/2023\/02\/vizual-44-PentruPrieteni-2023-1.png 1080w\" sizes=\"auto, (max-width: 580px) 100vw, 580px\" \/><\/a>Ambasada Statelor Unite \u00een Rom\u00e2nia<!--more--> al\u0103turi de American Councils for International Education v\u0103 invit\u0103 s\u0103 v\u0103 al\u0103tura\u021bi proiectului 4\/4 pentru prieteni. Sper\u0103m ca g\u00e2ndurile exprimate de remarcabilul activist american Dr. Martin Luther King, Jr.: \u201e\u00centrebarea cea mai urgent\u0103 \u0219i insistent\u0103 a vie\u021bii este: ce faci pentru ceilal\u021bi?\u201d, s\u0103 v\u0103 inspire!<\/strong><\/p>\n<p class=\"sqsrte-small\" style=\"text-align: justify;\">Dup\u0103 o edi\u021bie online \u00een anul ce a trecut, acum a sosit timpul s\u0103 revenim pe teren, pentru 10 zile de fapte bune. Prin proiectul\u00a0<strong>4\/4PentruPrieteni<\/strong>\u00a0onor\u0103m mo\u0219tenirea impresionant\u0103 l\u0103sat\u0103 de Dr. Martin Luther King, Jr. \u0218i celebr\u0103m la nivel na\u021bional valorile voluntariatului \u0219i ale prieteniei.<\/p>\n<p class=\"sqsrte-small\" style=\"text-align: justify;\">Urm\u00e2nd modelul Statelor Unite ale Americii, care s\u0103rb\u0103toresc \u00een aprilie Luna Voluntarului,\u00a0<strong>4\/4PentruPrieteni \u00a0<\/strong>se dore\u0219te o recunoa\u0219tere a muncii\u00a0 voluntarilor \u00een folosul semenilor lor.<\/p>\n<p class=\"sqsrte-small\" style=\"text-align: justify;\">Creat \u00een memoria lui, proiectul\u00a0<strong>4\/4PentruPrieteni<\/strong>\u00a0\u00ee\u0219i propune s\u0103 celebreze la nivel na\u021bional valorile voluntariatului \u0219i ale prieteniei. \u00cen crearea evenimentului ne-a inspirat puternic activitatea lui Martin Luther King Jr., determinarea, curajul \u0219i idealurile sale nobile.<\/p>\n<p class=\"sqsrte-small\" style=\"text-align: justify;\">.<\/p>\n<p class=\"\" style=\"text-align: justify;\"><strong>Calendarul proiectului<\/strong><\/p>\n<p class=\"sqsrte-small\" style=\"text-align: justify;\">V\u0103 invit\u0103m s\u0103 v\u0103 alege\u021bi o zi \u00een care s\u0103 dedica\u021bi o parte din timpul vostru celorlal\u021bi \u2013 prietenilor, comunit\u0103\u021bii, \u0219colii \u2013 \u015fi s\u0103 face\u0163i o fapt\u0103 bun\u0103. Dac\u0103 sunte\u021bi un ONG, grup de ini\u021biativ\u0103 local\u0103, \u0219coal\u0103, liceu, universitate\u00a0sau alt tip de\u00a0 organiza\u021bie \u0219i vre\u021bi s\u0103 g\u0103zdui\u021bi sau s\u0103 organiza\u021bi un eveniment \u00een perioada 1- 10 aprilie, v\u0103 rug\u0103m s\u0103 v\u0103 \u00eenscrie\u021bi p\u00e2n\u0103 cel t\u00e2rziu pe <strong>8 martie 2023<\/strong>.<\/p>\n<p class=\"sqsrte-small\" style=\"text-align: justify;\">Lansare proiect: <strong>8 Februarie 2023\u00a0<\/strong><\/p>\n<p class=\"sqsrte-small\" style=\"text-align: justify;\">\u00censcriere activit\u0103\u021bi voluntariat: <strong>8 Februarie-8 Martie 2023\u00a0<\/strong><\/p>\n<p class=\"sqsrte-small\" style=\"text-align: justify;\">Perioada de desf\u0103\u0219urare a activit\u0103\u021bilor de voluntariat:<strong> 1-10 Aprilie 2023\u00a0<\/strong><\/p>\n<p class=\"sqsrte-small\" style=\"text-align: justify;\">Workshopuri online pentru coordonatori \u0219i voluntari: sf\u00e2r\u0219itul lunii Aprilie 2023<\/p>\n<p class=\"\" style=\"text-align: justify;\"><strong>\u00censcrie-te<\/strong><\/p>\n<p class=\"sqsrte-small\" style=\"text-align: justify;\">Evenimentele organizate anul acesta sunt dedicate doar coordonatorilor \u0219i voluntarilor \u00eenscri\u0219i \u00een cadrul <strong>4\/4PentruPrieteni 2023<\/strong>.<\/p>\n<p class=\"sqsrte-small\" style=\"text-align: justify;\"><strong>V\u0103 pute\u021bi \u00eenscrie \u00een perioada 8 Februarie-8 Martie 2023 acces\u00e2nd urm\u0103torul formular<\/strong>: <strong><a href=\"https:\/\/ais.americancouncils.org\/event\/4_4pentruprieteni\" target=\"_blank\" rel=\"noopener noreferrer\">https:\/\/ais.americancouncils.org\/event\/4_4pentruprieteni<\/a>\u00a0<\/strong><\/p>\n<p class=\"sqsrte-small\" style=\"text-align: justify;\">Dup\u0103 \u00eenregistrarea activit\u0103\u021bilor, fiecare coordonator este responsabil de asigurarea num\u0103rului necesar de voluntari.<\/p>\n<p class=\"sqsrte-small\" style=\"text-align: justify;\">Vom reveni cu mai multe detalii \u00een curand despre webinariile cu speakeri rom\u00e2ni \u0219i americani.<\/p>\n","protected":false},"excerpt":{"rendered":"<p>Ambasada Statelor Unite \u00een Rom\u00e2nia<\/p>\n","protected":false},"author":1,"featured_media":0,"comment_status":"open","ping_status":"open","sticky":false,"template":"","format":"standard","meta":{"footnotes":""},"categories":[6],"tags":[],"class_list":["post-95485","post","type-post","status-publish","format-standard","hentry","category-breaking-news"],"_links":{"self":[{"href":"https:\/\/www.giurgiuveanul.ro\/stiri\/wp-json\/wp\/v2\/posts\/95485","targetHints":{"allow":["GET"]}}],"collection":[{"href":"https:\/\/www.giurgiuveanul.ro\/stiri\/wp-json\/wp\/v2\/posts"}],"about":[{"href":"https:\/\/www.giurgiuveanul.ro\/stiri\/wp-json\/wp\/v2\/types\/post"}],"author":[{"embeddable":true,"href":"https:\/\/www.giurgiuveanul.ro\/stiri\/wp-json\/wp\/v2\/users\/1"}],"replies":[{"embeddable":true,"href":"https:\/\/www.giurgiuveanul.ro\/stiri\/wp-json\/wp\/v2\/comments?post=95485"}],"version-history":[{"count":0,"href":"https:\/\/www.giurgiuveanul.ro\/stiri\/wp-json\/wp\/v2\/posts\/95485\/revisions"}],"wp:attachment":[{"href":"https:\/\/www.giurgiuveanul.ro\/stiri\/wp-json\/wp\/v2\/media?parent=95485"}],"wp:term":[{"taxonomy":"category","embeddable":true,"href":"https:\/\/www.giurgiuveanul.ro\/stiri\/wp-json\/wp\/v2\/categories?post=95485"},{"taxonomy":"post_tag","embeddable":true,"href":"https:\/\/www.giurgiuveanul.ro\/stiri\/wp-json\/wp\/v2\/tags?post=95485"}],"curies":[{"name":"wp","href":"https:\/\/api.w.org\/{rel}","templated":true}]}}