{"id":95490,"date":"2023-02-08T18:50:39","date_gmt":"2023-02-08T16:50:39","guid":{"rendered":"https:\/\/www.giurgiuveanul.ro\/stiri\/?p=95490"},"modified":"2023-02-08T19:13:15","modified_gmt":"2023-02-08T17:13:15","slug":"a-lovit-o-femeie-pe-trecerea-de-pietoni-si-a-fugit-politistii-giurgiuveni-au-identificat-autorul-accidentului-de-ieri-de-dimineata","status":"publish","type":"post","link":"https:\/\/www.giurgiuveanul.ro\/stiri\/a-lovit-o-femeie-pe-trecerea-de-pietoni-si-a-fugit-politistii-giurgiuveni-au-identificat-autorul-accidentului-de-ieri-de-dimineata\/","title":{"rendered":"A lovit o femeie pe trecerea de pietoni \u015fi a fugit. Poli\u0163i\u015ftii giurgiuveni au identificat autorul accidentului de ieri diminea\u0163\u0103"},"content":{"rendered":"<p style=\"text-align: justify;\"><strong><a href=\"https:\/\/www.giurgiuveanul.ro\/stiri\/wp-content\/uploads\/2023\/02\/pol-rom.jpg\"><img loading=\"lazy\" decoding=\"async\" class=\"aligncenter wp-image-95491\" src=\"https:\/\/www.giurgiuveanul.ro\/stiri\/wp-content\/uploads\/2023\/02\/pol-rom-560x316.jpg\" alt=\"\" width=\"574\" height=\"324\" srcset=\"https:\/\/www.giurgiuveanul.ro\/stiri\/wp-content\/uploads\/2023\/02\/pol-rom-560x316.jpg 560w, https:\/\/www.giurgiuveanul.ro\/stiri\/wp-content\/uploads\/2023\/02\/pol-rom-250x141.jpg 250w, https:\/\/www.giurgiuveanul.ro\/stiri\/wp-content\/uploads\/2023\/02\/pol-rom-768x433.jpg 768w, https:\/\/www.giurgiuveanul.ro\/stiri\/wp-content\/uploads\/2023\/02\/pol-rom-400x226.jpg 400w, https:\/\/www.giurgiuveanul.ro\/stiri\/wp-content\/uploads\/2023\/02\/pol-rom.jpg 780w\" sizes=\"auto, (max-width: 574px) 100vw, 574px\" \/><\/a>Accidentul rutier s-a produs ieri diminea\u0163\u0103. Victima,<!--more--> o femeie, infirmier\u0103 la Spitalul Jude\u0163ean de Urgen\u0163\u0103 Giurgiu, a fost lovit\u0103 pe trecerea de pietoni de la parcul Mihai Viteazu, autorul fugind.<\/strong><\/p>\n<p style=\"text-align: justify;\">\u00cen urma activit\u0103\u0163ilor desf\u0103\u015furate de poli\u0163i\u015fti, autorul accidentului rutier a fost identificat ast\u0103zi \u015fi se afl\u0103 \u00een custodia anchetatorilor.<\/p>\n<p style=\"text-align: justify;\">\u00cen cauz\u0103 a fost \u00eentocmit dosar penal urm\u00e2nd a fi propus\u0103 solu\u0163ie legal\u0103.<\/p>\n<p style=\"text-align: justify;\"><strong>Vom reveni cu am\u0103nunte oficiale.<\/strong><\/p>\n<p><strong>Pe surse, am aflat c\u0103 este vorba despre un t\u00e2n\u0103r, de 27 de ani, din jude\u0163ul Mehedin\u0163i, subofi\u0163er la Penitenciarul Giurgiu.\u00a0<\/strong><\/p>\n","protected":false},"excerpt":{"rendered":"<p>Accidentul rutier s-a produs ieri diminea\u0163\u0103. Victima,<\/p>\n","protected":false},"author":1,"featured_media":0,"comment_status":"open","ping_status":"open","sticky":false,"template":"","format":"standard","meta":{"footnotes":""},"categories":[6],"tags":[],"class_list":["post-95490","post","type-post","status-publish","format-standard","hentry","category-breaking-news"],"_links":{"self":[{"href":"https:\/\/www.giurgiuveanul.ro\/stiri\/wp-json\/wp\/v2\/posts\/95490","targetHints":{"allow":["GET"]}}],"collection":[{"href":"https:\/\/www.giurgiuveanul.ro\/stiri\/wp-json\/wp\/v2\/posts"}],"about":[{"href":"https:\/\/www.giurgiuveanul.ro\/stiri\/wp-json\/wp\/v2\/types\/post"}],"author":[{"embeddable":true,"href":"https:\/\/www.giurgiuveanul.ro\/stiri\/wp-json\/wp\/v2\/users\/1"}],"replies":[{"embeddable":true,"href":"https:\/\/www.giurgiuveanul.ro\/stiri\/wp-json\/wp\/v2\/comments?post=95490"}],"version-history":[{"count":0,"href":"https:\/\/www.giurgiuveanul.ro\/stiri\/wp-json\/wp\/v2\/posts\/95490\/revisions"}],"wp:attachment":[{"href":"https:\/\/www.giurgiuveanul.ro\/stiri\/wp-json\/wp\/v2\/media?parent=95490"}],"wp:term":[{"taxonomy":"category","embeddable":true,"href":"https:\/\/www.giurgiuveanul.ro\/stiri\/wp-json\/wp\/v2\/categories?post=95490"},{"taxonomy":"post_tag","embeddable":true,"href":"https:\/\/www.giurgiuveanul.ro\/stiri\/wp-json\/wp\/v2\/tags?post=95490"}],"curies":[{"name":"wp","href":"https:\/\/api.w.org\/{rel}","templated":true}]}}