{"id":95499,"date":"2023-02-09T14:59:24","date_gmt":"2023-02-09T12:59:24","guid":{"rendered":"https:\/\/www.giurgiuveanul.ro\/stiri\/?p=95499"},"modified":"2023-02-09T15:01:12","modified_gmt":"2023-02-09T13:01:12","slug":"ipj-giurgiu-barbat-retinut-pentru-vatamare-corporala-din-culpa-si-parasirea-locului-accidentului","status":"publish","type":"post","link":"https:\/\/www.giurgiuveanul.ro\/stiri\/ipj-giurgiu-barbat-retinut-pentru-vatamare-corporala-din-culpa-si-parasirea-locului-accidentului\/","title":{"rendered":"IPJ Giurgiu. B\u0103rbat re\u021binut pentru v\u0103t\u0103mare corporal\u0103 din culp\u0103 \u0219i p\u0103r\u0103sirea locului accidentului"},"content":{"rendered":"<p style=\"text-align: justify;\"><strong><a href=\"https:\/\/www.giurgiuveanul.ro\/stiri\/wp-content\/uploads\/2023\/01\/Yjk1MmIwYmY1NWIyNzcwNjZhZmY4M2FlM2RjYw.thumb_.jpg\"><img loading=\"lazy\" decoding=\"async\" class=\"aligncenter wp-image-94830\" src=\"https:\/\/www.giurgiuveanul.ro\/stiri\/wp-content\/uploads\/2023\/01\/Yjk1MmIwYmY1NWIyNzcwNjZhZmY4M2FlM2RjYw.thumb_-560x316.jpg\" alt=\"\" width=\"577\" height=\"326\" srcset=\"https:\/\/www.giurgiuveanul.ro\/stiri\/wp-content\/uploads\/2023\/01\/Yjk1MmIwYmY1NWIyNzcwNjZhZmY4M2FlM2RjYw.thumb_-560x316.jpg 560w, https:\/\/www.giurgiuveanul.ro\/stiri\/wp-content\/uploads\/2023\/01\/Yjk1MmIwYmY1NWIyNzcwNjZhZmY4M2FlM2RjYw.thumb_-250x141.jpg 250w, https:\/\/www.giurgiuveanul.ro\/stiri\/wp-content\/uploads\/2023\/01\/Yjk1MmIwYmY1NWIyNzcwNjZhZmY4M2FlM2RjYw.thumb_-768x433.jpg 768w, https:\/\/www.giurgiuveanul.ro\/stiri\/wp-content\/uploads\/2023\/01\/Yjk1MmIwYmY1NWIyNzcwNjZhZmY4M2FlM2RjYw.thumb_-400x226.jpg 400w, https:\/\/www.giurgiuveanul.ro\/stiri\/wp-content\/uploads\/2023\/01\/Yjk1MmIwYmY1NWIyNzcwNjZhZmY4M2FlM2RjYw.thumb_.jpg 780w\" sizes=\"auto, (max-width: 577px) 100vw, 577px\" \/><\/a>La data de 7 februarie a.c., ora 6.50, poli\u021bi\u0219tii Biroului Rutier au fost sesiza\u021bi, prin apel 112, cu privire la faptul c\u0103,<!--more--> pe strada Negru Vod\u0103, din municipiul Giurgiu, a avut loc un accident rutier, iar conduc\u0103torul auto a p\u0103r\u0103sit locul faptei.<\/strong><\/p>\n<p style=\"text-align: justify;\">\u00cen temeiul sesiz\u0103rii, la fa\u021ba locului s-a deplasat echipa operativ\u0103, iar, din primele cercet\u0103ri a reie\u0219it faptul c\u0103 o femeie, de 52 de ani, din municipiul Giurgiu, \u00een timp ce s-ar fi angajat \u00een traversarea regulamentar\u0103 a str\u0103zii, prin loc marcat \u0219i semnalizat corespunz\u0103tor, pe strada Negru Vod\u0103, a fost acro\u0219at\u0103 de c\u0103tre un autoturism, iar conduc\u0103torul auto a p\u0103r\u0103sit locul accidentului.<\/p>\n<p style=\"text-align: justify;\">Femeia a fost transportat\u0103 la spital, pentru acordarea de \u00eengrijiri medicale de specialitate.<\/p>\n<p style=\"text-align: justify;\">Poli\u021bi\u0219tii au \u00eentocmit un dosar penal sub aspectul s\u0103v\u00e2r\u0219irii infrac\u021biunilor de v\u0103t\u0103mare corporal\u0103 din culp\u0103 \u0219i p\u0103r\u0103sirea locului accidentului.<\/p>\n<p style=\"text-align: justify;\">\u00cen urma cercet\u0103rilor efectuate, la data de 8 februarie, conduc\u0103torul autoturismului implicat \u00een evenimentul rutier a fost identificat, ca fiind un b\u0103rbat, de 27 de ani, din jude\u021bul Mehedin\u021bi.<\/p>\n<p style=\"text-align: justify;\">Pe baza probatoriului administrat, sub coordonarea Parchetului de pe l\u00e2ng\u0103 Judec\u0103toria Giurgiu, acesta a fost re\u021binut, pentru 24 de ore, urm\u00e2nd ca la data de 9 februarie a.c., s\u0103 fie prezentat instan\u021bei de judecat\u0103, cu propuneri procedurale.<\/p>\n","protected":false},"excerpt":{"rendered":"<p>La data de 7 februarie a.c., ora 6.50, poli\u021bi\u0219tii Biroului Rutier au fost sesiza\u021bi, prin apel 112, cu privire la faptul c\u0103,<\/p>\n","protected":false},"author":1,"featured_media":0,"comment_status":"open","ping_status":"open","sticky":false,"template":"","format":"standard","meta":{"footnotes":""},"categories":[6],"tags":[],"class_list":["post-95499","post","type-post","status-publish","format-standard","hentry","category-breaking-news"],"_links":{"self":[{"href":"https:\/\/www.giurgiuveanul.ro\/stiri\/wp-json\/wp\/v2\/posts\/95499","targetHints":{"allow":["GET"]}}],"collection":[{"href":"https:\/\/www.giurgiuveanul.ro\/stiri\/wp-json\/wp\/v2\/posts"}],"about":[{"href":"https:\/\/www.giurgiuveanul.ro\/stiri\/wp-json\/wp\/v2\/types\/post"}],"author":[{"embeddable":true,"href":"https:\/\/www.giurgiuveanul.ro\/stiri\/wp-json\/wp\/v2\/users\/1"}],"replies":[{"embeddable":true,"href":"https:\/\/www.giurgiuveanul.ro\/stiri\/wp-json\/wp\/v2\/comments?post=95499"}],"version-history":[{"count":0,"href":"https:\/\/www.giurgiuveanul.ro\/stiri\/wp-json\/wp\/v2\/posts\/95499\/revisions"}],"wp:attachment":[{"href":"https:\/\/www.giurgiuveanul.ro\/stiri\/wp-json\/wp\/v2\/media?parent=95499"}],"wp:term":[{"taxonomy":"category","embeddable":true,"href":"https:\/\/www.giurgiuveanul.ro\/stiri\/wp-json\/wp\/v2\/categories?post=95499"},{"taxonomy":"post_tag","embeddable":true,"href":"https:\/\/www.giurgiuveanul.ro\/stiri\/wp-json\/wp\/v2\/tags?post=95499"}],"curies":[{"name":"wp","href":"https:\/\/api.w.org\/{rel}","templated":true}]}}