{"id":95502,"date":"2023-02-09T15:50:58","date_gmt":"2023-02-09T13:50:58","guid":{"rendered":"https:\/\/www.giurgiuveanul.ro\/stiri\/?p=95502"},"modified":"2023-02-09T15:51:19","modified_gmt":"2023-02-09T13:51:19","slug":"un-nou-purtator-de-cuvant-la-inspectoratul-teritorial-al-politiei-de-frontiera-giurgiu","status":"publish","type":"post","link":"https:\/\/www.giurgiuveanul.ro\/stiri\/un-nou-purtator-de-cuvant-la-inspectoratul-teritorial-al-politiei-de-frontiera-giurgiu\/","title":{"rendered":"Un nou purt\u0103tor de cuv\u00e2nt la Inspectoratul Teritorial al Poli\u0163iei de Frontier\u0103 Giurgiu"},"content":{"rendered":"<p style=\"text-align: justify;\"><strong><a href=\"https:\/\/www.giurgiuveanul.ro\/stiri\/wp-content\/uploads\/2023\/02\/WhatsApp-Image-2023-02-09-at-15.42.28.jpeg\"><img loading=\"lazy\" decoding=\"async\" class=\"aligncenter wp-image-95503\" src=\"https:\/\/www.giurgiuveanul.ro\/stiri\/wp-content\/uploads\/2023\/02\/WhatsApp-Image-2023-02-09-at-15.42.28-494x450.jpeg\" alt=\"\" width=\"579\" height=\"528\" srcset=\"https:\/\/www.giurgiuveanul.ro\/stiri\/wp-content\/uploads\/2023\/02\/WhatsApp-Image-2023-02-09-at-15.42.28-494x450.jpeg 494w, https:\/\/www.giurgiuveanul.ro\/stiri\/wp-content\/uploads\/2023\/02\/WhatsApp-Image-2023-02-09-at-15.42.28-250x228.jpeg 250w, https:\/\/www.giurgiuveanul.ro\/stiri\/wp-content\/uploads\/2023\/02\/WhatsApp-Image-2023-02-09-at-15.42.28-768x699.jpeg 768w, https:\/\/www.giurgiuveanul.ro\/stiri\/wp-content\/uploads\/2023\/02\/WhatsApp-Image-2023-02-09-at-15.42.28-1536x1399.jpeg 1536w, https:\/\/www.giurgiuveanul.ro\/stiri\/wp-content\/uploads\/2023\/02\/WhatsApp-Image-2023-02-09-at-15.42.28-400x364.jpeg 400w, https:\/\/www.giurgiuveanul.ro\/stiri\/wp-content\/uploads\/2023\/02\/WhatsApp-Image-2023-02-09-at-15.42.28.jpeg 1600w\" sizes=\"auto, (max-width: 579px) 100vw, 579px\" \/><\/a>Inspectoratul Teritorial al Poli\u0163iei de Frontier\u0103 Giurgiu are un nou purt\u0103tor de cuv\u00e2nt, pe func\u021bia de<!--more--> ofi\u021ber, \u00een urma unui concurs pentru acest post.<\/strong><\/p>\n<p style=\"text-align: justify;\">Este vorba despre <strong>inspectorul Raluca Petronela Stan<\/strong>, care, p\u00e2n\u0103 \u00een prezent a activat \u00een cadrul Inspectoratului de Poli\u0163ie Jude\u0163ean Giurgiu.<\/p>\n<p style=\"text-align: justify;\">Inspectorul Raluca Petronela Stan este giurgiuveanc\u0103 \u015fi are 28 de ani. A absolvit Colegiul Na\u0163ional \u201eIon Maiorescu\u201d \u015fi este licen\u0163iat\u0103 \u00een drept.<\/p>\n<p style=\"text-align: justify;\"><em>\u00cei dorim mult succes \u00een noua func\u0163ie \u015fi suntem convin\u015fi c\u0103 vom avea o colaborare bun\u0103, a\u015fa cum aceast\u0103 institu\u0163ie ne-a obi\u015fnuit, d\u00e2nd dovad\u0103 de promptitudine \u015fi profesionalism!<\/em><\/p>\n","protected":false},"excerpt":{"rendered":"<p>Inspectoratul Teritorial al Poli\u0163iei de Frontier\u0103 Giurgiu are un nou purt\u0103tor de cuv\u00e2nt, pe func\u021bia de<\/p>\n","protected":false},"author":1,"featured_media":0,"comment_status":"open","ping_status":"open","sticky":false,"template":"","format":"standard","meta":{"footnotes":""},"categories":[6],"tags":[],"class_list":["post-95502","post","type-post","status-publish","format-standard","hentry","category-breaking-news"],"_links":{"self":[{"href":"https:\/\/www.giurgiuveanul.ro\/stiri\/wp-json\/wp\/v2\/posts\/95502","targetHints":{"allow":["GET"]}}],"collection":[{"href":"https:\/\/www.giurgiuveanul.ro\/stiri\/wp-json\/wp\/v2\/posts"}],"about":[{"href":"https:\/\/www.giurgiuveanul.ro\/stiri\/wp-json\/wp\/v2\/types\/post"}],"author":[{"embeddable":true,"href":"https:\/\/www.giurgiuveanul.ro\/stiri\/wp-json\/wp\/v2\/users\/1"}],"replies":[{"embeddable":true,"href":"https:\/\/www.giurgiuveanul.ro\/stiri\/wp-json\/wp\/v2\/comments?post=95502"}],"version-history":[{"count":0,"href":"https:\/\/www.giurgiuveanul.ro\/stiri\/wp-json\/wp\/v2\/posts\/95502\/revisions"}],"wp:attachment":[{"href":"https:\/\/www.giurgiuveanul.ro\/stiri\/wp-json\/wp\/v2\/media?parent=95502"}],"wp:term":[{"taxonomy":"category","embeddable":true,"href":"https:\/\/www.giurgiuveanul.ro\/stiri\/wp-json\/wp\/v2\/categories?post=95502"},{"taxonomy":"post_tag","embeddable":true,"href":"https:\/\/www.giurgiuveanul.ro\/stiri\/wp-json\/wp\/v2\/tags?post=95502"}],"curies":[{"name":"wp","href":"https:\/\/api.w.org\/{rel}","templated":true}]}}