{"id":95506,"date":"2023-02-09T16:07:31","date_gmt":"2023-02-09T14:07:31","guid":{"rendered":"https:\/\/www.giurgiuveanul.ro\/stiri\/?p=95506"},"modified":"2023-02-09T16:09:19","modified_gmt":"2023-02-09T14:09:19","slug":"copii-din-comuna-baneasa-in-vizita-la-parlament","status":"publish","type":"post","link":"https:\/\/www.giurgiuveanul.ro\/stiri\/copii-din-comuna-baneasa-in-vizita-la-parlament\/","title":{"rendered":"Copii din comuna B\u0103neasa, \u00een vizit\u0103 la Parlament"},"content":{"rendered":"<p style=\"text-align: justify;\"><a href=\"https:\/\/www.giurgiuveanul.ro\/stiri\/wp-content\/uploads\/2023\/02\/00.jpg\"><img loading=\"lazy\" decoding=\"async\" class=\"aligncenter wp-image-95507\" src=\"https:\/\/www.giurgiuveanul.ro\/stiri\/wp-content\/uploads\/2023\/02\/00-560x315.jpg\" alt=\"\" width=\"582\" height=\"327\" srcset=\"https:\/\/www.giurgiuveanul.ro\/stiri\/wp-content\/uploads\/2023\/02\/00-560x315.jpg 560w, https:\/\/www.giurgiuveanul.ro\/stiri\/wp-content\/uploads\/2023\/02\/00-250x141.jpg 250w, https:\/\/www.giurgiuveanul.ro\/stiri\/wp-content\/uploads\/2023\/02\/00-768x432.jpg 768w, https:\/\/www.giurgiuveanul.ro\/stiri\/wp-content\/uploads\/2023\/02\/00-1536x864.jpg 1536w, https:\/\/www.giurgiuveanul.ro\/stiri\/wp-content\/uploads\/2023\/02\/00-400x225.jpg 400w, https:\/\/www.giurgiuveanul.ro\/stiri\/wp-content\/uploads\/2023\/02\/00.jpg 1600w\" sizes=\"auto, (max-width: 582px) 100vw, 582px\" \/><\/a>Am organizat ast\u0103zi la Parlament vizita mai multor copii din comuna <a href=\"https:\/\/www.facebook.com\/hashtag\/b%C4%83neasa?__eep__=6&amp;__cft__%5b0%5d=AZW1a8R_DFjWWKUYfTvHxPTRJeRjpDbKIQBgE-s2i9RC2m3MTNVAA_21DqHqGV3H-A9Twoak2gRuUBxX3fXc_9bmkPsEsAM2wZmzDmV9WL-eXm3k8u6K5OPwJKcWdJ9XP5pQN1kRabT0OJrjoGl22QLB7LVa2SQcY1xuwp6eL3gPijez8PDVsr4g_VF3nnjuJU0&amp;__tn__=*NK-R\">B\u0103neasa<\/a>, jude\u021bul Giurgiu, \u00eenso\u021bi\u021bi de<!--more--> primarul comunei, Viorel Rotaru.<\/p>\n<p><a href=\"https:\/\/www.giurgiuveanul.ro\/stiri\/wp-content\/uploads\/2023\/02\/8.jpg\"><img loading=\"lazy\" decoding=\"async\" class=\"aligncenter wp-image-95510\" src=\"https:\/\/www.giurgiuveanul.ro\/stiri\/wp-content\/uploads\/2023\/02\/8-418x450.jpg\" alt=\"\" width=\"573\" height=\"617\" srcset=\"https:\/\/www.giurgiuveanul.ro\/stiri\/wp-content\/uploads\/2023\/02\/8-418x450.jpg 418w, https:\/\/www.giurgiuveanul.ro\/stiri\/wp-content\/uploads\/2023\/02\/8-250x269.jpg 250w, https:\/\/www.giurgiuveanul.ro\/stiri\/wp-content\/uploads\/2023\/02\/8-768x828.jpg 768w, https:\/\/www.giurgiuveanul.ro\/stiri\/wp-content\/uploads\/2023\/02\/8-400x431.jpg 400w, https:\/\/www.giurgiuveanul.ro\/stiri\/wp-content\/uploads\/2023\/02\/8.jpg 1272w\" sizes=\"auto, (max-width: 573px) 100vw, 573px\" \/><\/a><\/p>\n<p style=\"text-align: justify;\">I-am \u00eenso\u021bit al\u0103turi de colegii mei, <a href=\"https:\/\/www.facebook.com\/profile.php?id=100063684971220&amp;__cft__%5b0%5d=AZW1a8R_DFjWWKUYfTvHxPTRJeRjpDbKIQBgE-s2i9RC2m3MTNVAA_21DqHqGV3H-A9Twoak2gRuUBxX3fXc_9bmkPsEsAM2wZmzDmV9WL-eXm3k8u6K5OPwJKcWdJ9XP5pQN1kRabT0OJrjoGl22QLB7LVa2SQcY1xuwp6eL3gPijez8PDVsr4g_VF3nnjuJU0&amp;__tn__=-%5dK-R\">Alexandru Andrei<\/a> \u0219i <a href=\"https:\/\/www.facebook.com\/TomaFPetcu?__cft__%5b0%5d=AZW1a8R_DFjWWKUYfTvHxPTRJeRjpDbKIQBgE-s2i9RC2m3MTNVAA_21DqHqGV3H-A9Twoak2gRuUBxX3fXc_9bmkPsEsAM2wZmzDmV9WL-eXm3k8u6K5OPwJKcWdJ9XP5pQN1kRabT0OJrjoGl22QLB7LVa2SQcY1xuwp6eL3gPijez8PDVsr4g_VF3nnjuJU0&amp;__tn__=-%5dK-R\">Toma Petcu<\/a>, \u00eentr-un tur al Palatului Parlamentului, am discutat despre modul \u00een care se aprob\u0103 legile \u0219i despre importan\u021ba democra\u021biei.<\/p>\n<p><a href=\"https:\/\/www.giurgiuveanul.ro\/stiri\/wp-content\/uploads\/2023\/02\/2-1.jpg\"><img loading=\"lazy\" decoding=\"async\" class=\"aligncenter wp-image-95511\" src=\"https:\/\/www.giurgiuveanul.ro\/stiri\/wp-content\/uploads\/2023\/02\/2-1-560x315.jpg\" alt=\"\" width=\"571\" height=\"321\" srcset=\"https:\/\/www.giurgiuveanul.ro\/stiri\/wp-content\/uploads\/2023\/02\/2-1-560x315.jpg 560w, https:\/\/www.giurgiuveanul.ro\/stiri\/wp-content\/uploads\/2023\/02\/2-1-250x141.jpg 250w, https:\/\/www.giurgiuveanul.ro\/stiri\/wp-content\/uploads\/2023\/02\/2-1-768x432.jpg 768w, https:\/\/www.giurgiuveanul.ro\/stiri\/wp-content\/uploads\/2023\/02\/2-1-1536x864.jpg 1536w, https:\/\/www.giurgiuveanul.ro\/stiri\/wp-content\/uploads\/2023\/02\/2-1-400x225.jpg 400w, https:\/\/www.giurgiuveanul.ro\/stiri\/wp-content\/uploads\/2023\/02\/2-1.jpg 1600w\" sizes=\"auto, (max-width: 571px) 100vw, 571px\" \/><\/a> <a href=\"https:\/\/www.giurgiuveanul.ro\/stiri\/wp-content\/uploads\/2023\/02\/3-2.jpg\"><img loading=\"lazy\" decoding=\"async\" class=\"aligncenter wp-image-95512\" src=\"https:\/\/www.giurgiuveanul.ro\/stiri\/wp-content\/uploads\/2023\/02\/3-2-560x315.jpg\" alt=\"\" width=\"567\" height=\"319\" srcset=\"https:\/\/www.giurgiuveanul.ro\/stiri\/wp-content\/uploads\/2023\/02\/3-2-560x315.jpg 560w, https:\/\/www.giurgiuveanul.ro\/stiri\/wp-content\/uploads\/2023\/02\/3-2-250x141.jpg 250w, https:\/\/www.giurgiuveanul.ro\/stiri\/wp-content\/uploads\/2023\/02\/3-2-768x432.jpg 768w, https:\/\/www.giurgiuveanul.ro\/stiri\/wp-content\/uploads\/2023\/02\/3-2-1536x864.jpg 1536w, https:\/\/www.giurgiuveanul.ro\/stiri\/wp-content\/uploads\/2023\/02\/3-2-400x225.jpg 400w, https:\/\/www.giurgiuveanul.ro\/stiri\/wp-content\/uploads\/2023\/02\/3-2.jpg 1600w\" sizes=\"auto, (max-width: 567px) 100vw, 567px\" \/><\/a> <a href=\"https:\/\/www.giurgiuveanul.ro\/stiri\/wp-content\/uploads\/2023\/02\/7.jpg\"><img loading=\"lazy\" decoding=\"async\" class=\"aligncenter wp-image-95513\" src=\"https:\/\/www.giurgiuveanul.ro\/stiri\/wp-content\/uploads\/2023\/02\/7-560x286.jpg\" alt=\"\" width=\"566\" height=\"289\" srcset=\"https:\/\/www.giurgiuveanul.ro\/stiri\/wp-content\/uploads\/2023\/02\/7-560x286.jpg 560w, https:\/\/www.giurgiuveanul.ro\/stiri\/wp-content\/uploads\/2023\/02\/7-250x128.jpg 250w, https:\/\/www.giurgiuveanul.ro\/stiri\/wp-content\/uploads\/2023\/02\/7-768x393.jpg 768w, https:\/\/www.giurgiuveanul.ro\/stiri\/wp-content\/uploads\/2023\/02\/7-400x205.jpg 400w, https:\/\/www.giurgiuveanul.ro\/stiri\/wp-content\/uploads\/2023\/02\/7.jpg 1373w\" sizes=\"auto, (max-width: 566px) 100vw, 566px\" \/><\/a><\/p>\n<p style=\"text-align: justify;\">Copiii au fost curio\u0219i s\u0103 afle detalii despre activitatea parlamentarilor \u0219i despre felul \u00een care se dezbat \u0219i se aprob\u0103 legile \u021b\u0103rii.<\/p>\n<p style=\"text-align: justify;\">De c\u00e2nd am preluat mandatul de deputat \u0219i p\u00e2n\u0103 \u00een prezent, am organizat mai multe vizite ale unor copii din <a href=\"https:\/\/www.facebook.com\/hashtag\/giurgiu?__eep__=6&amp;__cft__%5b0%5d=AZW1a8R_DFjWWKUYfTvHxPTRJeRjpDbKIQBgE-s2i9RC2m3MTNVAA_21DqHqGV3H-A9Twoak2gRuUBxX3fXc_9bmkPsEsAM2wZmzDmV9WL-eXm3k8u6K5OPwJKcWdJ9XP5pQN1kRabT0OJrjoGl22QLB7LVa2SQcY1xuwp6eL3gPijez8PDVsr4g_VF3nnjuJU0&amp;__tn__=*NK-R\">Giurgiu<\/a> la Parlament.<\/p>\n<p style=\"text-align: justify;\">Sunt convins\u0103 c\u0103 mesajele pe care le transmitem au un rol substan\u021bial \u00een educarea copiilor pentru democra\u021bie. Este important ca ei s\u0103 afle c\u00e2t mai rapid c\u0103 punctele de vedere diferite sunt fire\u0219ti \u00eentr-o societate \u0219i c\u0103 decizia trebuie luat\u0103 \u00een urma unor dezbateri.<\/p>\n<p style=\"text-align: center;\"><strong>Gabriela Horga, <\/strong><\/p>\n<p style=\"text-align: center;\"><strong>Deputat PNL de Giurgiu<\/strong><\/p>\n","protected":false},"excerpt":{"rendered":"<p>Am organizat ast\u0103zi la Parlament vizita mai multor copii din comuna B\u0103neasa, jude\u021bul Giurgiu, \u00eenso\u021bi\u021bi de<\/p>\n","protected":false},"author":1,"featured_media":0,"comment_status":"open","ping_status":"open","sticky":false,"template":"","format":"standard","meta":{"footnotes":""},"categories":[6],"tags":[],"class_list":["post-95506","post","type-post","status-publish","format-standard","hentry","category-breaking-news"],"_links":{"self":[{"href":"https:\/\/www.giurgiuveanul.ro\/stiri\/wp-json\/wp\/v2\/posts\/95506","targetHints":{"allow":["GET"]}}],"collection":[{"href":"https:\/\/www.giurgiuveanul.ro\/stiri\/wp-json\/wp\/v2\/posts"}],"about":[{"href":"https:\/\/www.giurgiuveanul.ro\/stiri\/wp-json\/wp\/v2\/types\/post"}],"author":[{"embeddable":true,"href":"https:\/\/www.giurgiuveanul.ro\/stiri\/wp-json\/wp\/v2\/users\/1"}],"replies":[{"embeddable":true,"href":"https:\/\/www.giurgiuveanul.ro\/stiri\/wp-json\/wp\/v2\/comments?post=95506"}],"version-history":[{"count":0,"href":"https:\/\/www.giurgiuveanul.ro\/stiri\/wp-json\/wp\/v2\/posts\/95506\/revisions"}],"wp:attachment":[{"href":"https:\/\/www.giurgiuveanul.ro\/stiri\/wp-json\/wp\/v2\/media?parent=95506"}],"wp:term":[{"taxonomy":"category","embeddable":true,"href":"https:\/\/www.giurgiuveanul.ro\/stiri\/wp-json\/wp\/v2\/categories?post=95506"},{"taxonomy":"post_tag","embeddable":true,"href":"https:\/\/www.giurgiuveanul.ro\/stiri\/wp-json\/wp\/v2\/tags?post=95506"}],"curies":[{"name":"wp","href":"https:\/\/api.w.org\/{rel}","templated":true}]}}