{"id":95529,"date":"2023-02-10T08:49:42","date_gmt":"2023-02-10T06:49:42","guid":{"rendered":"https:\/\/www.giurgiuveanul.ro\/stiri\/?p=95529"},"modified":"2023-02-10T08:50:05","modified_gmt":"2023-02-10T06:50:05","slug":"ipj-giurgiu-informatii-oficiale-despre-accidentul-mortal-de-la-greaca-foto","status":"publish","type":"post","link":"https:\/\/www.giurgiuveanul.ro\/stiri\/ipj-giurgiu-informatii-oficiale-despre-accidentul-mortal-de-la-greaca-foto\/","title":{"rendered":"IPJ Giurgiu, informa\u0163ii oficiale despre ACCIDENTUL MORTAL de la Greaca (FOTO)"},"content":{"rendered":"<p style=\"text-align: justify;\"><a href=\"https:\/\/www.giurgiuveanul.ro\/stiri\/wp-content\/uploads\/2023\/02\/WhatsApp-Image-2023-02-10-at-08.36.14.jpeg\"><img loading=\"lazy\" decoding=\"async\" class=\"aligncenter wp-image-95530\" src=\"https:\/\/www.giurgiuveanul.ro\/stiri\/wp-content\/uploads\/2023\/02\/WhatsApp-Image-2023-02-10-at-08.36.14-457x450.jpeg\" alt=\"\" width=\"576\" height=\"567\" srcset=\"https:\/\/www.giurgiuveanul.ro\/stiri\/wp-content\/uploads\/2023\/02\/WhatsApp-Image-2023-02-10-at-08.36.14-457x450.jpeg 457w, https:\/\/www.giurgiuveanul.ro\/stiri\/wp-content\/uploads\/2023\/02\/WhatsApp-Image-2023-02-10-at-08.36.14-250x246.jpeg 250w, https:\/\/www.giurgiuveanul.ro\/stiri\/wp-content\/uploads\/2023\/02\/WhatsApp-Image-2023-02-10-at-08.36.14-768x755.jpeg 768w, https:\/\/www.giurgiuveanul.ro\/stiri\/wp-content\/uploads\/2023\/02\/WhatsApp-Image-2023-02-10-at-08.36.14-400x393.jpeg 400w, https:\/\/www.giurgiuveanul.ro\/stiri\/wp-content\/uploads\/2023\/02\/WhatsApp-Image-2023-02-10-at-08.36.14.jpeg 1530w\" sizes=\"auto, (max-width: 576px) 100vw, 576px\" \/><\/a>La data de 9 februarie a.c., ora<!--more--> 21.20, pe D.N.41, \u00een localitatea Greaca, jude\u021bul Giurgiu, a avut loc un eveniment rutier, \u00een care a fost implicat un autoturism.<\/p>\n<p style=\"text-align: justify;\">\u00cen urma producerii evenimentului rutier, a rezultat decesul unui b\u0103rbat, de 27 de ani, din localitatea Berceni, jude\u021bul Ilfov.<\/p>\n<p style=\"text-align: justify;\">\u00cen cauz\u0103, cercet\u0103rile sunt continuate, sub aspectul s\u0103v\u00e2r\u0219irii infrac\u021biunii de ucidere din culp\u0103.<\/p>\n","protected":false},"excerpt":{"rendered":"<p>La data de 9 februarie a.c., ora<\/p>\n","protected":false},"author":1,"featured_media":0,"comment_status":"open","ping_status":"open","sticky":false,"template":"","format":"standard","meta":{"footnotes":""},"categories":[6],"tags":[],"class_list":["post-95529","post","type-post","status-publish","format-standard","hentry","category-breaking-news"],"_links":{"self":[{"href":"https:\/\/www.giurgiuveanul.ro\/stiri\/wp-json\/wp\/v2\/posts\/95529","targetHints":{"allow":["GET"]}}],"collection":[{"href":"https:\/\/www.giurgiuveanul.ro\/stiri\/wp-json\/wp\/v2\/posts"}],"about":[{"href":"https:\/\/www.giurgiuveanul.ro\/stiri\/wp-json\/wp\/v2\/types\/post"}],"author":[{"embeddable":true,"href":"https:\/\/www.giurgiuveanul.ro\/stiri\/wp-json\/wp\/v2\/users\/1"}],"replies":[{"embeddable":true,"href":"https:\/\/www.giurgiuveanul.ro\/stiri\/wp-json\/wp\/v2\/comments?post=95529"}],"version-history":[{"count":0,"href":"https:\/\/www.giurgiuveanul.ro\/stiri\/wp-json\/wp\/v2\/posts\/95529\/revisions"}],"wp:attachment":[{"href":"https:\/\/www.giurgiuveanul.ro\/stiri\/wp-json\/wp\/v2\/media?parent=95529"}],"wp:term":[{"taxonomy":"category","embeddable":true,"href":"https:\/\/www.giurgiuveanul.ro\/stiri\/wp-json\/wp\/v2\/categories?post=95529"},{"taxonomy":"post_tag","embeddable":true,"href":"https:\/\/www.giurgiuveanul.ro\/stiri\/wp-json\/wp\/v2\/tags?post=95529"}],"curies":[{"name":"wp","href":"https:\/\/api.w.org\/{rel}","templated":true}]}}