{"id":95555,"date":"2023-02-11T14:27:29","date_gmt":"2023-02-11T12:27:29","guid":{"rendered":"https:\/\/www.giurgiuveanul.ro\/stiri\/?p=95555"},"modified":"2023-02-11T14:37:14","modified_gmt":"2023-02-11T12:37:14","slug":"ludovic-orban-din-nou-la-giurgiu-s-a-lansat-organizatia-judeteana-forta-dreptei-foto","status":"publish","type":"post","link":"https:\/\/www.giurgiuveanul.ro\/stiri\/ludovic-orban-din-nou-la-giurgiu-s-a-lansat-organizatia-judeteana-forta-dreptei-foto\/","title":{"rendered":"Ludovic Orban, din nou la Giurgiu: S-a lansat Organiza\u021bia Jude\u021bean\u0103 \u201eFor\u0163a Dreptei\u201d (FOTO)"},"content":{"rendered":"<p style=\"text-align: justify;\"><strong><a href=\"https:\/\/www.giurgiuveanul.ro\/stiri\/wp-content\/uploads\/2023\/02\/1-3.jpg\"><img loading=\"lazy\" decoding=\"async\" class=\"aligncenter wp-image-95556\" src=\"https:\/\/www.giurgiuveanul.ro\/stiri\/wp-content\/uploads\/2023\/02\/1-3-474x450.jpg\" alt=\"\" width=\"579\" height=\"549\" srcset=\"https:\/\/www.giurgiuveanul.ro\/stiri\/wp-content\/uploads\/2023\/02\/1-3-474x450.jpg 474w, https:\/\/www.giurgiuveanul.ro\/stiri\/wp-content\/uploads\/2023\/02\/1-3-250x238.jpg 250w, https:\/\/www.giurgiuveanul.ro\/stiri\/wp-content\/uploads\/2023\/02\/1-3-768x730.jpg 768w, https:\/\/www.giurgiuveanul.ro\/stiri\/wp-content\/uploads\/2023\/02\/1-3-400x380.jpg 400w, https:\/\/www.giurgiuveanul.ro\/stiri\/wp-content\/uploads\/2023\/02\/1-3.jpg 900w\" sizes=\"auto, (max-width: 579px) 100vw, 579px\" \/><\/a>Ast\u0103zi, 11 februarie a.c., la Ateneul \u201eNicolae B\u0103l\u0103nescu\u201d a avut loc<!--more--> lansarea oficial\u0103 a Organiza\u021biei Jude\u021bene \u201eFor\u0163a Dreptei\u201d Giurgiu, eveniment la care au fost prezen\u021bi: pre\u0219edintele Partidului Na\u0163ional Liberal \u201eFor\u0163a Dreptei\u201d, Ludovic Orban, liderul parlamentarilor \u201eFor\u0163a Dreptei\u201d, Violeta Alexandru, pre\u0219edintele Organiza\u021biei \u201eFor\u0163a Dreptei\u201d Bucure\u0219ti, Antonel T\u0103nase, pre\u0219edintele Organiza\u021biei Na\u021bionale Tineret, Cristian Opri\u0219.<\/strong><\/p>\n<p><a href=\"https:\/\/www.giurgiuveanul.ro\/stiri\/wp-content\/uploads\/2023\/02\/2-4.jpg\"><img loading=\"lazy\" decoding=\"async\" class=\"aligncenter wp-image-95562\" src=\"https:\/\/www.giurgiuveanul.ro\/stiri\/wp-content\/uploads\/2023\/02\/2-4-560x328.jpg\" alt=\"\" width=\"575\" height=\"337\" srcset=\"https:\/\/www.giurgiuveanul.ro\/stiri\/wp-content\/uploads\/2023\/02\/2-4-560x328.jpg 560w, https:\/\/www.giurgiuveanul.ro\/stiri\/wp-content\/uploads\/2023\/02\/2-4-250x146.jpg 250w, https:\/\/www.giurgiuveanul.ro\/stiri\/wp-content\/uploads\/2023\/02\/2-4-768x450.jpg 768w, https:\/\/www.giurgiuveanul.ro\/stiri\/wp-content\/uploads\/2023\/02\/2-4-400x234.jpg 400w, https:\/\/www.giurgiuveanul.ro\/stiri\/wp-content\/uploads\/2023\/02\/2-4.jpg 900w\" sizes=\"auto, (max-width: 575px) 100vw, 575px\" \/><\/a> <a href=\"https:\/\/www.giurgiuveanul.ro\/stiri\/wp-content\/uploads\/2023\/02\/4-3.jpg\"><img loading=\"lazy\" decoding=\"async\" class=\"aligncenter wp-image-95563\" src=\"https:\/\/www.giurgiuveanul.ro\/stiri\/wp-content\/uploads\/2023\/02\/4-3-560x320.jpg\" alt=\"\" width=\"571\" height=\"326\" srcset=\"https:\/\/www.giurgiuveanul.ro\/stiri\/wp-content\/uploads\/2023\/02\/4-3-560x320.jpg 560w, https:\/\/www.giurgiuveanul.ro\/stiri\/wp-content\/uploads\/2023\/02\/4-3-250x143.jpg 250w, https:\/\/www.giurgiuveanul.ro\/stiri\/wp-content\/uploads\/2023\/02\/4-3-768x439.jpg 768w, https:\/\/www.giurgiuveanul.ro\/stiri\/wp-content\/uploads\/2023\/02\/4-3-400x229.jpg 400w, https:\/\/www.giurgiuveanul.ro\/stiri\/wp-content\/uploads\/2023\/02\/4-3.jpg 900w\" sizes=\"auto, (max-width: 571px) 100vw, 571px\" \/><\/a><\/p>\n<p style=\"text-align: justify;\">De asemenea, au fost prezen\u021bi, \u00een calitate de invita\u021bi, pre\u0219edintele PMP Giurgiu, <strong>Sile Cobzaru,<\/strong> \u0219i pre\u0219edintele USR Giurgiu, <strong>Ciprian Alexandru<\/strong>.<\/p>\n<p><a href=\"https:\/\/www.giurgiuveanul.ro\/stiri\/wp-content\/uploads\/2023\/02\/3-4.jpg\"><img loading=\"lazy\" decoding=\"async\" class=\"aligncenter wp-image-95560\" src=\"https:\/\/www.giurgiuveanul.ro\/stiri\/wp-content\/uploads\/2023\/02\/3-4-560x406.jpg\" alt=\"\" width=\"585\" height=\"424\" srcset=\"https:\/\/www.giurgiuveanul.ro\/stiri\/wp-content\/uploads\/2023\/02\/3-4-560x406.jpg 560w, https:\/\/www.giurgiuveanul.ro\/stiri\/wp-content\/uploads\/2023\/02\/3-4-250x181.jpg 250w, https:\/\/www.giurgiuveanul.ro\/stiri\/wp-content\/uploads\/2023\/02\/3-4-768x556.jpg 768w, https:\/\/www.giurgiuveanul.ro\/stiri\/wp-content\/uploads\/2023\/02\/3-4-400x290.jpg 400w, https:\/\/www.giurgiuveanul.ro\/stiri\/wp-content\/uploads\/2023\/02\/3-4.jpg 900w\" sizes=\"auto, (max-width: 585px) 100vw, 585px\" \/><\/a><a href=\"https:\/\/www.giurgiuveanul.ro\/stiri\/wp-content\/uploads\/2023\/02\/5-2.jpg\"><img loading=\"lazy\" decoding=\"async\" class=\"aligncenter wp-image-95564\" src=\"https:\/\/www.giurgiuveanul.ro\/stiri\/wp-content\/uploads\/2023\/02\/5-2-560x251.jpg\" alt=\"\" width=\"580\" height=\"260\" srcset=\"https:\/\/www.giurgiuveanul.ro\/stiri\/wp-content\/uploads\/2023\/02\/5-2-560x251.jpg 560w, https:\/\/www.giurgiuveanul.ro\/stiri\/wp-content\/uploads\/2023\/02\/5-2-250x112.jpg 250w, https:\/\/www.giurgiuveanul.ro\/stiri\/wp-content\/uploads\/2023\/02\/5-2-768x344.jpg 768w, https:\/\/www.giurgiuveanul.ro\/stiri\/wp-content\/uploads\/2023\/02\/5-2-400x179.jpg 400w, https:\/\/www.giurgiuveanul.ro\/stiri\/wp-content\/uploads\/2023\/02\/5-2.jpg 900w\" sizes=\"auto, (max-width: 580px) 100vw, 580px\" \/><\/a><a href=\"https:\/\/www.giurgiuveanul.ro\/stiri\/wp-content\/uploads\/2023\/02\/6.jpg\"><img loading=\"lazy\" decoding=\"async\" class=\"aligncenter wp-image-95565\" src=\"https:\/\/www.giurgiuveanul.ro\/stiri\/wp-content\/uploads\/2023\/02\/6-525x450.jpg\" alt=\"\" width=\"576\" height=\"494\" srcset=\"https:\/\/www.giurgiuveanul.ro\/stiri\/wp-content\/uploads\/2023\/02\/6-525x450.jpg 525w, https:\/\/www.giurgiuveanul.ro\/stiri\/wp-content\/uploads\/2023\/02\/6-250x214.jpg 250w, https:\/\/www.giurgiuveanul.ro\/stiri\/wp-content\/uploads\/2023\/02\/6-768x659.jpg 768w, https:\/\/www.giurgiuveanul.ro\/stiri\/wp-content\/uploads\/2023\/02\/6-400x343.jpg 400w, https:\/\/www.giurgiuveanul.ro\/stiri\/wp-content\/uploads\/2023\/02\/6.jpg 900w\" sizes=\"auto, (max-width: 576px) 100vw, 576px\" \/><\/a><\/p>\n<p style=\"text-align: justify;\">Staff-ul Organiza\u0163iei Jude\u0163ene \u201eFor\u0163a Dreptei\u201d Giurgiu este format din: <strong>Marius Cristache<\/strong> &#8211; pre\u015fedinte, <strong>Iulia ioana Badana<\/strong> \u2013 secretar general, <strong>Elena Ciocoiu, Alexandru Raica, Alexandra Daianu \u015fi Viorel Pan\u0163\u00eeru<\/strong> &#8211; vicepre\u015fedin\u0163i, <strong>Ionela Co\u0163ofan\u0103<\/strong> &#8211; pre\u0219edinte organiza\u0163ia jude\u0163ean\u0103 de tineret.<\/p>\n<p style=\"text-align: justify;\"><em>\u201ePartidul For\u0163a Dreptei este deschis colabor\u0103rii cu forma\u0163iunile politice de centru-dreapta, democratice, euro-atlantice, este \u00eentr-un permanent dialog cu USR \u015fi PMP \u015fi este posibil\u0103 o coagulare electoral\u0103 cu aceste partide\u201d<\/em>, a spus printre altele<strong>\u00a0Ludovic Orban<\/strong> pre\u015fedintele acestei forma\u0163iuni politice.<\/p>\n","protected":false},"excerpt":{"rendered":"<p>Ast\u0103zi, 11 februarie a.c., la Ateneul \u201eNicolae B\u0103l\u0103nescu\u201d a avut loc<\/p>\n","protected":false},"author":1,"featured_media":0,"comment_status":"open","ping_status":"open","sticky":false,"template":"","format":"standard","meta":{"footnotes":""},"categories":[6],"tags":[],"class_list":["post-95555","post","type-post","status-publish","format-standard","hentry","category-breaking-news"],"_links":{"self":[{"href":"https:\/\/www.giurgiuveanul.ro\/stiri\/wp-json\/wp\/v2\/posts\/95555","targetHints":{"allow":["GET"]}}],"collection":[{"href":"https:\/\/www.giurgiuveanul.ro\/stiri\/wp-json\/wp\/v2\/posts"}],"about":[{"href":"https:\/\/www.giurgiuveanul.ro\/stiri\/wp-json\/wp\/v2\/types\/post"}],"author":[{"embeddable":true,"href":"https:\/\/www.giurgiuveanul.ro\/stiri\/wp-json\/wp\/v2\/users\/1"}],"replies":[{"embeddable":true,"href":"https:\/\/www.giurgiuveanul.ro\/stiri\/wp-json\/wp\/v2\/comments?post=95555"}],"version-history":[{"count":0,"href":"https:\/\/www.giurgiuveanul.ro\/stiri\/wp-json\/wp\/v2\/posts\/95555\/revisions"}],"wp:attachment":[{"href":"https:\/\/www.giurgiuveanul.ro\/stiri\/wp-json\/wp\/v2\/media?parent=95555"}],"wp:term":[{"taxonomy":"category","embeddable":true,"href":"https:\/\/www.giurgiuveanul.ro\/stiri\/wp-json\/wp\/v2\/categories?post=95555"},{"taxonomy":"post_tag","embeddable":true,"href":"https:\/\/www.giurgiuveanul.ro\/stiri\/wp-json\/wp\/v2\/tags?post=95555"}],"curies":[{"name":"wp","href":"https:\/\/api.w.org\/{rel}","templated":true}]}}