{"id":95580,"date":"2023-02-12T15:32:45","date_gmt":"2023-02-12T13:32:45","guid":{"rendered":"https:\/\/www.giurgiuveanul.ro\/stiri\/?p=95580"},"modified":"2023-02-12T15:36:15","modified_gmt":"2023-02-12T13:36:15","slug":"inaltpreasfintitul-parinte-nicolae-mitropolitul-ortodox-roman-al-celor-doua-americi-in-vizita-la-preasfintitul-parinte-ambrozie-la-giurgiu-foto","status":"publish","type":"post","link":"https:\/\/www.giurgiuveanul.ro\/stiri\/inaltpreasfintitul-parinte-nicolae-mitropolitul-ortodox-roman-al-celor-doua-americi-in-vizita-la-preasfintitul-parinte-ambrozie-la-giurgiu-foto\/","title":{"rendered":"\u00cenaltpreasfin\u021bitul P\u0103rinte Nicolae, Mitropolitul ortodox rom\u00e2n al celor dou\u0103 Americi, \u00een vizit\u0103 la Preasfin\u0163itul P\u0103rinte Ambrozie, la Giurgiu! (FOTO)"},"content":{"rendered":"<p style=\"text-align: justify;\"><strong><a href=\"https:\/\/www.giurgiuveanul.ro\/stiri\/wp-content\/uploads\/2023\/02\/1-5.jpg\"><img loading=\"lazy\" decoding=\"async\" class=\"aligncenter wp-image-95581\" src=\"https:\/\/www.giurgiuveanul.ro\/stiri\/wp-content\/uploads\/2023\/02\/1-5-560x368.jpg\" alt=\"\" width=\"576\" height=\"378\" srcset=\"https:\/\/www.giurgiuveanul.ro\/stiri\/wp-content\/uploads\/2023\/02\/1-5-560x368.jpg 560w, https:\/\/www.giurgiuveanul.ro\/stiri\/wp-content\/uploads\/2023\/02\/1-5-250x164.jpg 250w, https:\/\/www.giurgiuveanul.ro\/stiri\/wp-content\/uploads\/2023\/02\/1-5-768x505.jpg 768w, https:\/\/www.giurgiuveanul.ro\/stiri\/wp-content\/uploads\/2023\/02\/1-5-1536x1010.jpg 1536w, https:\/\/www.giurgiuveanul.ro\/stiri\/wp-content\/uploads\/2023\/02\/1-5-400x263.jpg 400w, https:\/\/www.giurgiuveanul.ro\/stiri\/wp-content\/uploads\/2023\/02\/1-5.jpg 2048w\" sizes=\"auto, (max-width: 576px) 100vw, 576px\" \/><\/a>Credincio\u0219ii din Giurgiu au participat duminica aceasta, 12 februarie a.c., la<!--more--> Sf\u00e2nta Liturghie Arhiereasc\u0103, oficiat\u0103 de \u00cenaltpreasfin\u021bitul P\u0103rinte Nicolae, Mitropolitul ortodox rom\u00e2n al celor dou\u0103 Americi, al\u0103turi de Preasfin\u0163itul P\u0103rinte Ambrozie, Episcopul Giurgiului, la Biserica \u201eSfin\u0163ii Martiri Br\u00e2ncoveni\u201d, din cartierul Tineretului.<\/strong><\/p>\n<p><a href=\"https:\/\/www.giurgiuveanul.ro\/stiri\/wp-content\/uploads\/2023\/02\/5-4.jpg\"><img loading=\"lazy\" decoding=\"async\" class=\"aligncenter wp-image-95586\" src=\"https:\/\/www.giurgiuveanul.ro\/stiri\/wp-content\/uploads\/2023\/02\/5-4-542x450.jpg\" alt=\"\" width=\"566\" height=\"470\" srcset=\"https:\/\/www.giurgiuveanul.ro\/stiri\/wp-content\/uploads\/2023\/02\/5-4-542x450.jpg 542w, https:\/\/www.giurgiuveanul.ro\/stiri\/wp-content\/uploads\/2023\/02\/5-4-250x207.jpg 250w, https:\/\/www.giurgiuveanul.ro\/stiri\/wp-content\/uploads\/2023\/02\/5-4-768x637.jpg 768w, https:\/\/www.giurgiuveanul.ro\/stiri\/wp-content\/uploads\/2023\/02\/5-4-1536x1274.jpg 1536w, https:\/\/www.giurgiuveanul.ro\/stiri\/wp-content\/uploads\/2023\/02\/5-4-400x332.jpg 400w, https:\/\/www.giurgiuveanul.ro\/stiri\/wp-content\/uploads\/2023\/02\/5-4.jpg 2048w\" sizes=\"auto, (max-width: 566px) 100vw, 566px\" \/><\/a><\/p>\n<p style=\"text-align: justify;\">Dup\u0103 \u00eent\u00e2mpinarea celor doi ierarhi de c\u0103tre clerici \u0219i credincio\u0219i, s-a s\u0103v\u00e2r\u0219it Sf\u00e2nta Liturghie Arhiereasc\u0103, fiind \u00eenconjura\u0163i de un sobor impresionant de preoti si diaconi, slujitori la aceasta Biseric\u0103, dar \u015fi de la alte parohii din ora\u015f.<\/p>\n<p><a href=\"https:\/\/www.giurgiuveanul.ro\/stiri\/wp-content\/uploads\/2023\/02\/2-6.jpg\"><img loading=\"lazy\" decoding=\"async\" class=\"aligncenter wp-image-95590\" src=\"https:\/\/www.giurgiuveanul.ro\/stiri\/wp-content\/uploads\/2023\/02\/2-6-560x370.jpg\" alt=\"\" width=\"573\" height=\"378\" srcset=\"https:\/\/www.giurgiuveanul.ro\/stiri\/wp-content\/uploads\/2023\/02\/2-6-560x370.jpg 560w, https:\/\/www.giurgiuveanul.ro\/stiri\/wp-content\/uploads\/2023\/02\/2-6-250x165.jpg 250w, https:\/\/www.giurgiuveanul.ro\/stiri\/wp-content\/uploads\/2023\/02\/2-6-768x508.jpg 768w, https:\/\/www.giurgiuveanul.ro\/stiri\/wp-content\/uploads\/2023\/02\/2-6-1536x1016.jpg 1536w, https:\/\/www.giurgiuveanul.ro\/stiri\/wp-content\/uploads\/2023\/02\/2-6-400x264.jpg 400w, https:\/\/www.giurgiuveanul.ro\/stiri\/wp-content\/uploads\/2023\/02\/2-6.jpg 2048w\" sizes=\"auto, (max-width: 573px) 100vw, 573px\" \/><\/a><\/p>\n<p><a href=\"https:\/\/www.giurgiuveanul.ro\/stiri\/wp-content\/uploads\/2023\/02\/3-6.jpg\"><img loading=\"lazy\" decoding=\"async\" class=\"aligncenter wp-image-95587\" src=\"https:\/\/www.giurgiuveanul.ro\/stiri\/wp-content\/uploads\/2023\/02\/3-6-560x281.jpg\" alt=\"\" width=\"574\" height=\"288\" srcset=\"https:\/\/www.giurgiuveanul.ro\/stiri\/wp-content\/uploads\/2023\/02\/3-6-560x281.jpg 560w, https:\/\/www.giurgiuveanul.ro\/stiri\/wp-content\/uploads\/2023\/02\/3-6-250x125.jpg 250w, https:\/\/www.giurgiuveanul.ro\/stiri\/wp-content\/uploads\/2023\/02\/3-6-768x386.jpg 768w, https:\/\/www.giurgiuveanul.ro\/stiri\/wp-content\/uploads\/2023\/02\/3-6-1536x771.jpg 1536w, https:\/\/www.giurgiuveanul.ro\/stiri\/wp-content\/uploads\/2023\/02\/3-6-400x201.jpg 400w, https:\/\/www.giurgiuveanul.ro\/stiri\/wp-content\/uploads\/2023\/02\/3-6.jpg 2048w\" sizes=\"auto, (max-width: 574px) 100vw, 574px\" \/><\/a><\/p>\n<p style=\"text-align: justify;\">Printre clericii prezen\u0163i s-a aflat \u015fi <strong>Preacuviosul P\u0103rinte Arhimandrit Teodor \u015eerban,<\/strong> <em>vicarul Episcopiei Giurgiului \u015fi stare\u0163ul M\u0103n\u0103stirii \u201eSf. Ioan Rusul\u201d de la Slobozia<\/em>.<\/p>\n<p style=\"text-align: justify;\">\u00cen cadrul cuv\u00e2nt\u0103rii, \u00cenaltpreasfin\u021bitul Nicolae, Mitropolitul ortodox rom\u00e2n al celor dou\u0103 Americi, \u0219i-a exprimat bucuria de a sluji la acest nou \u015fi frumos l\u0103ca\u015f de cult din Giurgiu. Totodat\u0103, a vorbit despre m\u0103rturisirea credin\u021bei \u0219i conlucrarea omului cu Dumnezeu \u0219i cu semenii \u00een edificarea spiritual\u0103, subliniind importan\u021ba credin\u021bei \u0219i a rug\u0103ciunii cu st\u0103ruin\u021b\u0103 c\u0103tre Dumnezeu.<\/p>\n<p style=\"text-align: justify;\">La finalul Sfintei Liturghii Arhiere\u015fti, cei doi ierarhi au oferit daruri preo\u0163ilor \u015fi credincio\u015filor prezen\u0163i.<\/p>\n<p style=\"text-align: justify;\">\u00cenaltpreasfin\u021bitul P\u0103rinte Nicolae, Mitropolitul ortodox rom\u00e2n al celor dou\u0103 Americi, a mai vizitat Giurgiu \u00een urm\u0103 cu 20 de ani.<\/p>\n<p><a href=\"https:\/\/www.giurgiuveanul.ro\/stiri\/wp-content\/uploads\/2023\/02\/6-1.jpg\"><img loading=\"lazy\" decoding=\"async\" class=\"aligncenter wp-image-95585\" src=\"https:\/\/www.giurgiuveanul.ro\/stiri\/wp-content\/uploads\/2023\/02\/6-1-560x307.jpg\" alt=\"\" width=\"573\" height=\"314\" srcset=\"https:\/\/www.giurgiuveanul.ro\/stiri\/wp-content\/uploads\/2023\/02\/6-1-560x307.jpg 560w, https:\/\/www.giurgiuveanul.ro\/stiri\/wp-content\/uploads\/2023\/02\/6-1-250x137.jpg 250w, https:\/\/www.giurgiuveanul.ro\/stiri\/wp-content\/uploads\/2023\/02\/6-1-768x420.jpg 768w, https:\/\/www.giurgiuveanul.ro\/stiri\/wp-content\/uploads\/2023\/02\/6-1-1536x841.jpg 1536w, https:\/\/www.giurgiuveanul.ro\/stiri\/wp-content\/uploads\/2023\/02\/6-1-400x219.jpg 400w, https:\/\/www.giurgiuveanul.ro\/stiri\/wp-content\/uploads\/2023\/02\/6-1.jpg 2048w\" sizes=\"auto, (max-width: 573px) 100vw, 573px\" \/><\/a><a href=\"https:\/\/www.giurgiuveanul.ro\/stiri\/wp-content\/uploads\/2023\/02\/4-5-scaled.jpg\"><img loading=\"lazy\" decoding=\"async\" class=\"aligncenter wp-image-95589\" src=\"https:\/\/www.giurgiuveanul.ro\/stiri\/wp-content\/uploads\/2023\/02\/4-5-560x274.jpg\" alt=\"\" width=\"570\" height=\"279\" srcset=\"https:\/\/www.giurgiuveanul.ro\/stiri\/wp-content\/uploads\/2023\/02\/4-5-560x274.jpg 560w, https:\/\/www.giurgiuveanul.ro\/stiri\/wp-content\/uploads\/2023\/02\/4-5-250x122.jpg 250w, https:\/\/www.giurgiuveanul.ro\/stiri\/wp-content\/uploads\/2023\/02\/4-5-768x376.jpg 768w, https:\/\/www.giurgiuveanul.ro\/stiri\/wp-content\/uploads\/2023\/02\/4-5-1536x751.jpg 1536w, https:\/\/www.giurgiuveanul.ro\/stiri\/wp-content\/uploads\/2023\/02\/4-5-2048x1002.jpg 2048w, https:\/\/www.giurgiuveanul.ro\/stiri\/wp-content\/uploads\/2023\/02\/4-5-400x196.jpg 400w\" sizes=\"auto, (max-width: 570px) 100vw, 570px\" \/><\/a><\/p>\n","protected":false},"excerpt":{"rendered":"<p>Credincio\u0219ii din Giurgiu au participat duminica aceasta, 12 februarie a.c., la<\/p>\n","protected":false},"author":1,"featured_media":0,"comment_status":"open","ping_status":"open","sticky":false,"template":"","format":"standard","meta":{"footnotes":""},"categories":[6],"tags":[],"class_list":["post-95580","post","type-post","status-publish","format-standard","hentry","category-breaking-news"],"_links":{"self":[{"href":"https:\/\/www.giurgiuveanul.ro\/stiri\/wp-json\/wp\/v2\/posts\/95580","targetHints":{"allow":["GET"]}}],"collection":[{"href":"https:\/\/www.giurgiuveanul.ro\/stiri\/wp-json\/wp\/v2\/posts"}],"about":[{"href":"https:\/\/www.giurgiuveanul.ro\/stiri\/wp-json\/wp\/v2\/types\/post"}],"author":[{"embeddable":true,"href":"https:\/\/www.giurgiuveanul.ro\/stiri\/wp-json\/wp\/v2\/users\/1"}],"replies":[{"embeddable":true,"href":"https:\/\/www.giurgiuveanul.ro\/stiri\/wp-json\/wp\/v2\/comments?post=95580"}],"version-history":[{"count":0,"href":"https:\/\/www.giurgiuveanul.ro\/stiri\/wp-json\/wp\/v2\/posts\/95580\/revisions"}],"wp:attachment":[{"href":"https:\/\/www.giurgiuveanul.ro\/stiri\/wp-json\/wp\/v2\/media?parent=95580"}],"wp:term":[{"taxonomy":"category","embeddable":true,"href":"https:\/\/www.giurgiuveanul.ro\/stiri\/wp-json\/wp\/v2\/categories?post=95580"},{"taxonomy":"post_tag","embeddable":true,"href":"https:\/\/www.giurgiuveanul.ro\/stiri\/wp-json\/wp\/v2\/tags?post=95580"}],"curies":[{"name":"wp","href":"https:\/\/api.w.org\/{rel}","templated":true}]}}