{"id":95634,"date":"2023-02-13T15:36:01","date_gmt":"2023-02-13T13:36:01","guid":{"rendered":"https:\/\/www.giurgiuveanul.ro\/stiri\/?p=95634"},"modified":"2023-02-13T15:38:32","modified_gmt":"2023-02-13T13:38:32","slug":"isu-solidaritate-cu-turcia-90-de-pompieri-giurgiuveni-au-participat-in-ultimele-zile-la-operatiunile-de-descarcare-a-autocamioanelor-cu-ajutoare-si-de-incarcare-a-tuturor-materialelor-in-trenuri","status":"publish","type":"post","link":"https:\/\/www.giurgiuveanul.ro\/stiri\/isu-solidaritate-cu-turcia-90-de-pompieri-giurgiuveni-au-participat-in-ultimele-zile-la-operatiunile-de-descarcare-a-autocamioanelor-cu-ajutoare-si-de-incarcare-a-tuturor-materialelor-in-trenuri\/","title":{"rendered":"ISU. Solidaritate cu Turcia: 90 de pompieri giurgiuveni au participat, \u00een ultimele zile, la opera\u021biunile de desc\u0103rcare a autocamioanelor cu ajutoare \u0219i de \u00eenc\u0103rcare a tuturor materialelor \u00een trenuri"},"content":{"rendered":"<p style=\"text-align: justify;\"><strong><a href=\"https:\/\/www.giurgiuveanul.ro\/stiri\/wp-content\/uploads\/2023\/02\/331022405_956980465272194_5026536087588761801_n.jpg\"><img loading=\"lazy\" decoding=\"async\" class=\"aligncenter wp-image-95635\" src=\"https:\/\/www.giurgiuveanul.ro\/stiri\/wp-content\/uploads\/2023\/02\/331022405_956980465272194_5026536087588761801_n-560x315.jpg\" alt=\"\" width=\"572\" height=\"322\" srcset=\"https:\/\/www.giurgiuveanul.ro\/stiri\/wp-content\/uploads\/2023\/02\/331022405_956980465272194_5026536087588761801_n-560x315.jpg 560w, https:\/\/www.giurgiuveanul.ro\/stiri\/wp-content\/uploads\/2023\/02\/331022405_956980465272194_5026536087588761801_n-250x141.jpg 250w, https:\/\/www.giurgiuveanul.ro\/stiri\/wp-content\/uploads\/2023\/02\/331022405_956980465272194_5026536087588761801_n-768x432.jpg 768w, https:\/\/www.giurgiuveanul.ro\/stiri\/wp-content\/uploads\/2023\/02\/331022405_956980465272194_5026536087588761801_n-400x225.jpg 400w, https:\/\/www.giurgiuveanul.ro\/stiri\/wp-content\/uploads\/2023\/02\/331022405_956980465272194_5026536087588761801_n.jpg 960w\" sizes=\"auto, (max-width: 572px) 100vw, 572px\" \/><\/a>Solidaritatea<!--more--> nu are frontiere, iar orice ajutor este bine-venit! Suntem al\u0103turi de semenii no\u0219tri care au fost afecta\u021bi de cutremurul devastator din data de 6 februarie \u0219i, chiar dac\u0103 suntem departe, \u00eei ajut\u0103m a\u0219a cum putem, informeaz\u0103 ISU Giurgiu.<\/strong><\/p>\n<p><a href=\"https:\/\/www.giurgiuveanul.ro\/stiri\/wp-content\/uploads\/2023\/02\/330773528_728689062263171_8324897665004031628_n.jpg\"><img loading=\"lazy\" decoding=\"async\" class=\"aligncenter  wp-image-95643\" src=\"https:\/\/www.giurgiuveanul.ro\/stiri\/wp-content\/uploads\/2023\/02\/330773528_728689062263171_8324897665004031628_n-560x404.jpg\" alt=\"\" width=\"572\" height=\"413\" srcset=\"https:\/\/www.giurgiuveanul.ro\/stiri\/wp-content\/uploads\/2023\/02\/330773528_728689062263171_8324897665004031628_n-560x404.jpg 560w, https:\/\/www.giurgiuveanul.ro\/stiri\/wp-content\/uploads\/2023\/02\/330773528_728689062263171_8324897665004031628_n-250x180.jpg 250w, https:\/\/www.giurgiuveanul.ro\/stiri\/wp-content\/uploads\/2023\/02\/330773528_728689062263171_8324897665004031628_n-768x554.jpg 768w, https:\/\/www.giurgiuveanul.ro\/stiri\/wp-content\/uploads\/2023\/02\/330773528_728689062263171_8324897665004031628_n-400x288.jpg 400w, https:\/\/www.giurgiuveanul.ro\/stiri\/wp-content\/uploads\/2023\/02\/330773528_728689062263171_8324897665004031628_n.jpg 1000w\" sizes=\"auto, (max-width: 572px) 100vw, 572px\" \/><\/a><\/p>\n<p style=\"text-align: justify;\">90 de pompieri giurgiuveni au participat, \u00een ultimele zile, la opera\u021biunile de desc\u0103rcare a autocamioanelor cu ajutoare \u0219i de \u00eenc\u0103rcare a tuturor materialelor \u00een trenuri.<\/p>\n<p><a href=\"https:\/\/www.giurgiuveanul.ro\/stiri\/wp-content\/uploads\/2023\/02\/330858192_550212917082991_2652503563215541491_n.jpg\"><img loading=\"lazy\" decoding=\"async\" class=\"aligncenter wp-image-95639\" src=\"https:\/\/www.giurgiuveanul.ro\/stiri\/wp-content\/uploads\/2023\/02\/330858192_550212917082991_2652503563215541491_n-560x315.jpg\" alt=\"\" width=\"576\" height=\"324\" srcset=\"https:\/\/www.giurgiuveanul.ro\/stiri\/wp-content\/uploads\/2023\/02\/330858192_550212917082991_2652503563215541491_n-560x315.jpg 560w, https:\/\/www.giurgiuveanul.ro\/stiri\/wp-content\/uploads\/2023\/02\/330858192_550212917082991_2652503563215541491_n-250x141.jpg 250w, https:\/\/www.giurgiuveanul.ro\/stiri\/wp-content\/uploads\/2023\/02\/330858192_550212917082991_2652503563215541491_n-768x432.jpg 768w, https:\/\/www.giurgiuveanul.ro\/stiri\/wp-content\/uploads\/2023\/02\/330858192_550212917082991_2652503563215541491_n-400x225.jpg 400w, https:\/\/www.giurgiuveanul.ro\/stiri\/wp-content\/uploads\/2023\/02\/330858192_550212917082991_2652503563215541491_n.jpg 960w\" sizes=\"auto, (max-width: 576px) 100vw, 576px\" \/><\/a> <a href=\"https:\/\/www.giurgiuveanul.ro\/stiri\/wp-content\/uploads\/2023\/02\/330977597_764541648000006_3790397720004704733_n.jpg\"><img loading=\"lazy\" decoding=\"async\" class=\"aligncenter wp-image-95640\" src=\"https:\/\/www.giurgiuveanul.ro\/stiri\/wp-content\/uploads\/2023\/02\/330977597_764541648000006_3790397720004704733_n-560x315.jpg\" alt=\"\" width=\"572\" height=\"322\" srcset=\"https:\/\/www.giurgiuveanul.ro\/stiri\/wp-content\/uploads\/2023\/02\/330977597_764541648000006_3790397720004704733_n-560x315.jpg 560w, https:\/\/www.giurgiuveanul.ro\/stiri\/wp-content\/uploads\/2023\/02\/330977597_764541648000006_3790397720004704733_n-250x141.jpg 250w, https:\/\/www.giurgiuveanul.ro\/stiri\/wp-content\/uploads\/2023\/02\/330977597_764541648000006_3790397720004704733_n-768x432.jpg 768w, https:\/\/www.giurgiuveanul.ro\/stiri\/wp-content\/uploads\/2023\/02\/330977597_764541648000006_3790397720004704733_n-400x225.jpg 400w, https:\/\/www.giurgiuveanul.ro\/stiri\/wp-content\/uploads\/2023\/02\/330977597_764541648000006_3790397720004704733_n.jpg 960w\" sizes=\"auto, (max-width: 572px) 100vw, 572px\" \/><\/a> <a href=\"https:\/\/www.giurgiuveanul.ro\/stiri\/wp-content\/uploads\/2023\/02\/330978827_1403327190479988_1565073902845784361_n.jpg\"><img loading=\"lazy\" decoding=\"async\" class=\"aligncenter wp-image-95641\" src=\"https:\/\/www.giurgiuveanul.ro\/stiri\/wp-content\/uploads\/2023\/02\/330978827_1403327190479988_1565073902845784361_n-560x315.jpg\" alt=\"\" width=\"565\" height=\"318\" srcset=\"https:\/\/www.giurgiuveanul.ro\/stiri\/wp-content\/uploads\/2023\/02\/330978827_1403327190479988_1565073902845784361_n-560x315.jpg 560w, https:\/\/www.giurgiuveanul.ro\/stiri\/wp-content\/uploads\/2023\/02\/330978827_1403327190479988_1565073902845784361_n-250x141.jpg 250w, https:\/\/www.giurgiuveanul.ro\/stiri\/wp-content\/uploads\/2023\/02\/330978827_1403327190479988_1565073902845784361_n-768x432.jpg 768w, https:\/\/www.giurgiuveanul.ro\/stiri\/wp-content\/uploads\/2023\/02\/330978827_1403327190479988_1565073902845784361_n-400x225.jpg 400w, https:\/\/www.giurgiuveanul.ro\/stiri\/wp-content\/uploads\/2023\/02\/330978827_1403327190479988_1565073902845784361_n.jpg 960w\" sizes=\"auto, (max-width: 565px) 100vw, 565px\" \/><\/a><\/p>\n<p style=\"text-align: justify;\">Din Gara Bucure\u0219ti Vest, au plecat c\u0103tre Republica Turcia bunuri precum corturi, saltele sau paturi \u0219i, odat\u0103 cu acestea, speran\u021ba c\u0103 vor putea dep\u0103\u0219i acest eveniment tragic.<\/p>\n<p style=\"text-align: justify;\">Cu sprijinul Inspectoratului General pentru Situa\u021bii de Urgen\u021b\u0103 \u0219i al Ministerului Transporturilor \u0219i Infrastructurii, prin Societatea Na\u021bional\u0103 de Transport Feroviar de Marf\u0103 &#8222;CFR Marf\u0103&#8221; S.A., alte produse de cazarmament din stocurile \u201cRomanian ShelterCapacity (RO-Shelt)\u201d ale RescEU vor ajunge \u00een Republica Turcia.<\/p>\n<p style=\"text-align: justify;\">Totodat\u0103, v\u0103 aducem la cuno\u0219tin\u021b\u0103 faptul c\u0103 primul tren marfar, plecat \u00een data de 11 februarie din Bucure\u0219ti a ajuns noaptea trecut\u0103 \u00een Republica Turcia.<\/p>\n<p style=\"text-align: justify;\">*<\/p>\n<p style=\"text-align: justify;\">Reamintim c\u0103 Romanian ShelterCapacity (RO-Shelt) reprezint\u0103 ac\u021biunea \u00eentreprins\u0103 de Comisia European\u0103 ce are \u00een vedere crearea unei capacit\u0103\u021bi de ad\u0103postire temporar\u0103 rescEU, care s\u0103 fie disponibil\u0103 pentru desf\u0103\u0219urarea misiunilor din cadrul Mecanismului European de Protec\u021bie Civil\u0103. Prin acest program, produsele pot fi puse la dispozi\u021bia \u021b\u0103rilor care se confrunt\u0103 cu situa\u021bii de urgen\u021b\u0103 de amploare \u0219i care \u00een baza cererilor de asisten\u021b\u0103\u00a0 interna\u021bional\u0103 \u00eenaintate, echipamentele\/materialele s\u0103 fie transportate, sub egida Mecanismului de Protec\u021bie Civil\u0103 al Uniunii Europene, statelor puternic afectate de diverse situa\u021bii de urgen\u021b\u0103.<\/p>\n","protected":false},"excerpt":{"rendered":"<p>Solidaritatea<\/p>\n","protected":false},"author":1,"featured_media":0,"comment_status":"open","ping_status":"open","sticky":false,"template":"","format":"standard","meta":{"footnotes":""},"categories":[6],"tags":[],"class_list":["post-95634","post","type-post","status-publish","format-standard","hentry","category-breaking-news"],"_links":{"self":[{"href":"https:\/\/www.giurgiuveanul.ro\/stiri\/wp-json\/wp\/v2\/posts\/95634","targetHints":{"allow":["GET"]}}],"collection":[{"href":"https:\/\/www.giurgiuveanul.ro\/stiri\/wp-json\/wp\/v2\/posts"}],"about":[{"href":"https:\/\/www.giurgiuveanul.ro\/stiri\/wp-json\/wp\/v2\/types\/post"}],"author":[{"embeddable":true,"href":"https:\/\/www.giurgiuveanul.ro\/stiri\/wp-json\/wp\/v2\/users\/1"}],"replies":[{"embeddable":true,"href":"https:\/\/www.giurgiuveanul.ro\/stiri\/wp-json\/wp\/v2\/comments?post=95634"}],"version-history":[{"count":0,"href":"https:\/\/www.giurgiuveanul.ro\/stiri\/wp-json\/wp\/v2\/posts\/95634\/revisions"}],"wp:attachment":[{"href":"https:\/\/www.giurgiuveanul.ro\/stiri\/wp-json\/wp\/v2\/media?parent=95634"}],"wp:term":[{"taxonomy":"category","embeddable":true,"href":"https:\/\/www.giurgiuveanul.ro\/stiri\/wp-json\/wp\/v2\/categories?post=95634"},{"taxonomy":"post_tag","embeddable":true,"href":"https:\/\/www.giurgiuveanul.ro\/stiri\/wp-json\/wp\/v2\/tags?post=95634"}],"curies":[{"name":"wp","href":"https:\/\/api.w.org\/{rel}","templated":true}]}}