{"id":95645,"date":"2023-02-14T15:32:38","date_gmt":"2023-02-14T13:32:38","guid":{"rendered":"https:\/\/www.giurgiuveanul.ro\/stiri\/?p=95645"},"modified":"2023-02-14T18:39:05","modified_gmt":"2023-02-14T16:39:05","slug":"ipj-giurgiu-trei-persoane-au-fost-retinute-pentru-tentativa-de-omor","status":"publish","type":"post","link":"https:\/\/www.giurgiuveanul.ro\/stiri\/ipj-giurgiu-trei-persoane-au-fost-retinute-pentru-tentativa-de-omor\/","title":{"rendered":"IPJ Giurgiu. Trei persoane au fost re\u021binute pentru tentativ\u0103 de omor"},"content":{"rendered":"<p style=\"text-align: justify;\"><strong><a href=\"https:\/\/www.giurgiuveanul.ro\/stiri\/wp-content\/uploads\/2023\/02\/foto-retineri.jpeg\"><img loading=\"lazy\" decoding=\"async\" class=\"aligncenter wp-image-95646\" src=\"https:\/\/www.giurgiuveanul.ro\/stiri\/wp-content\/uploads\/2023\/02\/foto-retineri-365x450.jpeg\" alt=\"\" width=\"573\" height=\"706\" srcset=\"https:\/\/www.giurgiuveanul.ro\/stiri\/wp-content\/uploads\/2023\/02\/foto-retineri-365x450.jpeg 365w, https:\/\/www.giurgiuveanul.ro\/stiri\/wp-content\/uploads\/2023\/02\/foto-retineri-244x300.jpeg 244w, https:\/\/www.giurgiuveanul.ro\/stiri\/wp-content\/uploads\/2023\/02\/foto-retineri-768x946.jpeg 768w, https:\/\/www.giurgiuveanul.ro\/stiri\/wp-content\/uploads\/2023\/02\/foto-retineri-400x493.jpeg 400w, https:\/\/www.giurgiuveanul.ro\/stiri\/wp-content\/uploads\/2023\/02\/foto-retineri.jpeg 804w\" sizes=\"auto, (max-width: 573px) 100vw, 573px\" \/><\/a>Poli\u021bia Municipiului Giurgiu<!--more--> a fost sesizat\u0103, la data de 28 decembrie 2022, ora 10.25, \u00a0prin S.N.U.A.U.112, de c\u0103tre o femeie, din comuna Prundu, cu privire la faptul c\u0103 \u00een fa\u021ba locuin\u021bei sale se desf\u0103\u0219oar\u0103 un conflict, \u00een care sunt implicate mai multe persoane, iar so\u021bul s\u0103u ar fi fost \u00eenjunghiat.<\/strong><\/p>\n<p style=\"text-align: justify;\">\u00cen temeiul sesiz\u0103rii, la fa\u021ba locului s-a deplasat echipa operativ\u0103, iar, din primele cercet\u0103ri, a reie\u0219it faptul c\u0103, \u00een urma unui conflict verbal, un b\u0103rbat, de 44 ani, din comuna Prundu, jude\u021bul Giurgiu, ar fi fost lovit cu un obiect contondent-t\u0103ietor, \u00een zona capului, c\u00e2t si a membrului superior st\u00e2ng \u0219i a membrului inferior st\u00e2ng, de c\u0103tre trei b\u0103rba\u021bi, cu v\u00e2rste cuprinse \u00eentre 16 \u0219i 45 de ani, din aceea\u0219i localitate.<\/p>\n<p style=\"text-align: justify;\">B\u0103rbatul a fost transportat la spital, pentru acordarea de \u00eengrijiri medicale, leziunile traumatice suferite pun\u00e2ndu-i \u00een primejdie via\u021ba.<\/p>\n<p style=\"text-align: justify;\">\u00cen diminea\u021ba zilei de 13 februarie a.c., poli\u021bi\u0219tii Serviciul de Investiga\u021bii Criminale, \u00eempreun\u0103 cu cei ai Serviciului Ac\u021biuni Speciale \u015fi ai Serviciul Criminalistic, sub coordonarea procurorului de caz din cadrul Parchetului de pe l\u00e2ng\u0103 Tribunalul Giurgiu, au pus \u00een executare, \u00een comuna Prundu, un mandat de perchezi\u021bie domiciliar\u0103 \u0219i trei mandate de aducere.<\/p>\n<p style=\"text-align: justify;\">\u00cen urma activit\u0103\u021bilor desf\u0103\u0219urate, pe baza probatoriului administrat, cei trei b\u0103rba\u021bi au fost re\u021binu\u021bi, pentru 24 de ore.<\/p>\n<p style=\"text-align: justify;\">Ast\u0103zi, 14 februarie a.c., ace\u0219tia vor fi prezenta\u021bi instan\u021bei de judecat\u0103, cu propunere de arestare preventiv\u0103.<\/p>\n<p><strong>UPDATE<\/strong><\/p>\n<p><strong>Cei trei b\u0103rba\u0163i au fost pu\u015fi sub control judiciar timp de 60 de zile.<\/strong><\/p>\n","protected":false},"excerpt":{"rendered":"<p>Poli\u021bia Municipiului Giurgiu<\/p>\n","protected":false},"author":1,"featured_media":0,"comment_status":"open","ping_status":"open","sticky":false,"template":"","format":"standard","meta":{"footnotes":""},"categories":[6],"tags":[],"class_list":["post-95645","post","type-post","status-publish","format-standard","hentry","category-breaking-news"],"_links":{"self":[{"href":"https:\/\/www.giurgiuveanul.ro\/stiri\/wp-json\/wp\/v2\/posts\/95645","targetHints":{"allow":["GET"]}}],"collection":[{"href":"https:\/\/www.giurgiuveanul.ro\/stiri\/wp-json\/wp\/v2\/posts"}],"about":[{"href":"https:\/\/www.giurgiuveanul.ro\/stiri\/wp-json\/wp\/v2\/types\/post"}],"author":[{"embeddable":true,"href":"https:\/\/www.giurgiuveanul.ro\/stiri\/wp-json\/wp\/v2\/users\/1"}],"replies":[{"embeddable":true,"href":"https:\/\/www.giurgiuveanul.ro\/stiri\/wp-json\/wp\/v2\/comments?post=95645"}],"version-history":[{"count":0,"href":"https:\/\/www.giurgiuveanul.ro\/stiri\/wp-json\/wp\/v2\/posts\/95645\/revisions"}],"wp:attachment":[{"href":"https:\/\/www.giurgiuveanul.ro\/stiri\/wp-json\/wp\/v2\/media?parent=95645"}],"wp:term":[{"taxonomy":"category","embeddable":true,"href":"https:\/\/www.giurgiuveanul.ro\/stiri\/wp-json\/wp\/v2\/categories?post=95645"},{"taxonomy":"post_tag","embeddable":true,"href":"https:\/\/www.giurgiuveanul.ro\/stiri\/wp-json\/wp\/v2\/tags?post=95645"}],"curies":[{"name":"wp","href":"https:\/\/api.w.org\/{rel}","templated":true}]}}