{"id":95650,"date":"2023-02-14T15:55:10","date_gmt":"2023-02-14T13:55:10","guid":{"rendered":"https:\/\/www.giurgiuveanul.ro\/stiri\/?p=95650"},"modified":"2023-02-14T16:08:27","modified_gmt":"2023-02-14T14:08:27","slug":"ati-simtit-a-fost-cutremur-si-in-giurgiu","status":"publish","type":"post","link":"https:\/\/www.giurgiuveanul.ro\/stiri\/ati-simtit-a-fost-cutremur-si-in-giurgiu\/","title":{"rendered":"A\u0163i sim\u0163it? A fost cutremur (\u015fi) \u00een Giurgiu!"},"content":{"rendered":"<p style=\"text-align: justify;\"><a href=\"https:\/\/www.giurgiuveanul.ro\/stiri\/wp-content\/uploads\/2023\/02\/img1.jpg\"><img loading=\"lazy\" decoding=\"async\" class=\"aligncenter wp-image-95651\" src=\"https:\/\/www.giurgiuveanul.ro\/stiri\/wp-content\/uploads\/2023\/02\/img1-560x315.jpg\" alt=\"\" width=\"576\" height=\"324\" srcset=\"https:\/\/www.giurgiuveanul.ro\/stiri\/wp-content\/uploads\/2023\/02\/img1-560x315.jpg 560w, https:\/\/www.giurgiuveanul.ro\/stiri\/wp-content\/uploads\/2023\/02\/img1-250x141.jpg 250w, https:\/\/www.giurgiuveanul.ro\/stiri\/wp-content\/uploads\/2023\/02\/img1-768x432.jpg 768w, https:\/\/www.giurgiuveanul.ro\/stiri\/wp-content\/uploads\/2023\/02\/img1-400x225.jpg 400w, https:\/\/www.giurgiuveanul.ro\/stiri\/wp-content\/uploads\/2023\/02\/img1.jpg 800w\" sizes=\"auto, (max-width: 576px) 100vw, 576px\" \/><\/a>Un cutremur cu magnitudinea de<!--more--> 5,7 pe scara Richter a avut loc, ast\u0103zi, 14 februarie, \u00een jude\u021bul Gorj. Cutremurul a avut loc la ora 15:16.<\/p>\n<p style=\"text-align: justify;\"><em>\u201e\u00cen ziua de 14.02.2023, 15:16:53 (ora Rom\u00e2niei), s-a produs \u00een OLTENIA, GORJ un cutremur semnificativ cu magnitudinea ML 5.7, la ad\u00e2ncimea de 40 km. Cutremurul s-a produs la 102 km NV de Craiova, 120 km SV de Sibiu, 146 km V de Pitesti, 161 km SE de Timisoara, 183 km SE de Arad, 195 km S de Cluj-Napoca, 204 km E de Belgrade, 208 km E de Zemun, 212 km NE de Nis, 212 km V de Brasov\u201d,<\/em> anun\u021b\u0103 INFP.<\/p>\n<p><strong>Mai mul\u0163i cititori ne-au semnalat faptul c\u0103 au resim\u0163it cutremurul \u015fi \u00een Giurgiu.<\/strong><\/p>\n","protected":false},"excerpt":{"rendered":"<p>Un cutremur cu magnitudinea de<\/p>\n","protected":false},"author":1,"featured_media":0,"comment_status":"open","ping_status":"open","sticky":false,"template":"","format":"standard","meta":{"footnotes":""},"categories":[6],"tags":[],"class_list":["post-95650","post","type-post","status-publish","format-standard","hentry","category-breaking-news"],"_links":{"self":[{"href":"https:\/\/www.giurgiuveanul.ro\/stiri\/wp-json\/wp\/v2\/posts\/95650","targetHints":{"allow":["GET"]}}],"collection":[{"href":"https:\/\/www.giurgiuveanul.ro\/stiri\/wp-json\/wp\/v2\/posts"}],"about":[{"href":"https:\/\/www.giurgiuveanul.ro\/stiri\/wp-json\/wp\/v2\/types\/post"}],"author":[{"embeddable":true,"href":"https:\/\/www.giurgiuveanul.ro\/stiri\/wp-json\/wp\/v2\/users\/1"}],"replies":[{"embeddable":true,"href":"https:\/\/www.giurgiuveanul.ro\/stiri\/wp-json\/wp\/v2\/comments?post=95650"}],"version-history":[{"count":0,"href":"https:\/\/www.giurgiuveanul.ro\/stiri\/wp-json\/wp\/v2\/posts\/95650\/revisions"}],"wp:attachment":[{"href":"https:\/\/www.giurgiuveanul.ro\/stiri\/wp-json\/wp\/v2\/media?parent=95650"}],"wp:term":[{"taxonomy":"category","embeddable":true,"href":"https:\/\/www.giurgiuveanul.ro\/stiri\/wp-json\/wp\/v2\/categories?post=95650"},{"taxonomy":"post_tag","embeddable":true,"href":"https:\/\/www.giurgiuveanul.ro\/stiri\/wp-json\/wp\/v2\/tags?post=95650"}],"curies":[{"name":"wp","href":"https:\/\/api.w.org\/{rel}","templated":true}]}}