{"id":95671,"date":"2023-02-15T10:35:34","date_gmt":"2023-02-15T08:35:34","guid":{"rendered":"https:\/\/www.giurgiuveanul.ro\/stiri\/?p=95671"},"modified":"2023-02-15T10:35:34","modified_gmt":"2023-02-15T08:35:34","slug":"un-tanar-giurgiuvean-a-fost-retinut-pentru-savarsirea-mai-multor-infractiuni","status":"publish","type":"post","link":"https:\/\/www.giurgiuveanul.ro\/stiri\/un-tanar-giurgiuvean-a-fost-retinut-pentru-savarsirea-mai-multor-infractiuni\/","title":{"rendered":"Un t\u00e2n\u0103r giurgiuvean a fost re\u021binut pentru s\u0103v\u00e2r\u0219irea mai multor infrac\u021biuni"},"content":{"rendered":"<p style=\"text-align: justify;\"><strong><a href=\"https:\/\/www.giurgiuveanul.ro\/stiri\/wp-content\/uploads\/2023\/02\/pol-rom.jpg\"><img loading=\"lazy\" decoding=\"async\" class=\"aligncenter  wp-image-95491\" src=\"https:\/\/www.giurgiuveanul.ro\/stiri\/wp-content\/uploads\/2023\/02\/pol-rom-560x316.jpg\" alt=\"\" width=\"574\" height=\"324\" srcset=\"https:\/\/www.giurgiuveanul.ro\/stiri\/wp-content\/uploads\/2023\/02\/pol-rom-560x316.jpg 560w, https:\/\/www.giurgiuveanul.ro\/stiri\/wp-content\/uploads\/2023\/02\/pol-rom-250x141.jpg 250w, https:\/\/www.giurgiuveanul.ro\/stiri\/wp-content\/uploads\/2023\/02\/pol-rom-768x433.jpg 768w, https:\/\/www.giurgiuveanul.ro\/stiri\/wp-content\/uploads\/2023\/02\/pol-rom-400x226.jpg 400w, https:\/\/www.giurgiuveanul.ro\/stiri\/wp-content\/uploads\/2023\/02\/pol-rom.jpg 780w\" sizes=\"auto, (max-width: 574px) 100vw, 574px\" \/><\/a>Poli\u021bia<!--more--> Ora\u0219 Bolintin Vale a fost sesizat\u0103 direct, la data de 6 februarie a.c., de c\u0103tre o minor\u0103, de 16 ani, din comuna Ulmi, jude\u021bul Giurgiu, cu privire la faptul c\u0103 fostul prieten i-ar fi sustras telefonul mobil \u0219i ar fi agresat-o fizic.<\/strong><\/p>\n<p style=\"text-align: justify;\">\n<p style=\"text-align: justify;\">Poli\u021bi\u0219tii au \u00eentocmit un dosar penal sub aspectul s\u0103v\u00e2r\u0219irii infrac\u021biunilor de furt \u0219i lovire sau alte violen\u021be.<\/p>\n<p style=\"text-align: justify;\">\n<p style=\"text-align: justify;\">Ulterior, la data de 11 februarie a.c., minora s-a prezentat la sediul Poli\u021biei Ora\u0219 Bolintin Vale, unde a sesizat faptul c\u0103, \u00een perioada 6-9 februarie a.c., fostul prieten, un t\u00e2n\u0103r de 21 de ani, din localitatea Floresti, jude\u021bul Giurgiu, ar fi amenin\u021bat-o \u00een repetate r\u00e2nduri, provoc\u00e2ndu-i astfel o stare de temere.<\/p>\n<p style=\"text-align: justify;\">\n<p style=\"text-align: justify;\">\u00cen cauz\u0103, a fost \u00eentocmit un dosar penal sub aspectul s\u0103v\u00e2r\u0219irii infrac\u021biunii de amenin\u021bare.<\/p>\n<p style=\"text-align: justify;\">\n<p style=\"text-align: justify;\">Av\u00e2nd \u00een vedere cercet\u0103rile efectuate \u00een cauz\u0103, la data de 12 februarie a.c., a fost dispus\u0103 schimbarea \u00eencadr\u0103rii juridice a infrac\u021biunii de amenin\u021bare, \u00een infrac\u021biunea de r\u0103zbunarea pentru ajutorul dat justi\u021biei.<\/p>\n<p style=\"text-align: justify;\">\n<p style=\"text-align: justify;\">\u00cen diminea\u021ba zilei de 14 februarie a.c., poli\u021bi\u0219tii Poli\u021biei ora\u0219 Bolintin Vale, sub coordonarea procurorului din cadrul Parchetului de pe l\u00e2ng\u0103 Judec\u0103toria Bolintin Vale au pus \u00een executare un mandat de perchezi\u021bie domiciliar\u0103, la locuin\u021ba t\u00e2n\u0103rului, din comuna Flore\u0219ti-Stoene\u0219ti, jude\u021bul Giurgiu, fiind identificate \u0219i ridicate mai multe mijloace materiale de prob\u0103.<\/p>\n<p style=\"text-align: justify;\">\n<p style=\"text-align: justify;\">La aceea\u0219i dat\u0103, pe baza probatoriului administrat, t\u00e2n\u0103rul \u00een cauz\u0103 a fost re\u021binut, pentru 24 de ore, urm\u00e2nd ca la data de 15 februarie a.c., s\u0103 fie prezentat unit\u0103\u021bii de parchet competente, cu propunerile procedurale.<\/p>\n","protected":false},"excerpt":{"rendered":"<p>Poli\u021bia<\/p>\n","protected":false},"author":1,"featured_media":0,"comment_status":"open","ping_status":"open","sticky":false,"template":"","format":"standard","meta":{"footnotes":""},"categories":[6],"tags":[],"class_list":["post-95671","post","type-post","status-publish","format-standard","hentry","category-breaking-news"],"_links":{"self":[{"href":"https:\/\/www.giurgiuveanul.ro\/stiri\/wp-json\/wp\/v2\/posts\/95671","targetHints":{"allow":["GET"]}}],"collection":[{"href":"https:\/\/www.giurgiuveanul.ro\/stiri\/wp-json\/wp\/v2\/posts"}],"about":[{"href":"https:\/\/www.giurgiuveanul.ro\/stiri\/wp-json\/wp\/v2\/types\/post"}],"author":[{"embeddable":true,"href":"https:\/\/www.giurgiuveanul.ro\/stiri\/wp-json\/wp\/v2\/users\/1"}],"replies":[{"embeddable":true,"href":"https:\/\/www.giurgiuveanul.ro\/stiri\/wp-json\/wp\/v2\/comments?post=95671"}],"version-history":[{"count":0,"href":"https:\/\/www.giurgiuveanul.ro\/stiri\/wp-json\/wp\/v2\/posts\/95671\/revisions"}],"wp:attachment":[{"href":"https:\/\/www.giurgiuveanul.ro\/stiri\/wp-json\/wp\/v2\/media?parent=95671"}],"wp:term":[{"taxonomy":"category","embeddable":true,"href":"https:\/\/www.giurgiuveanul.ro\/stiri\/wp-json\/wp\/v2\/categories?post=95671"},{"taxonomy":"post_tag","embeddable":true,"href":"https:\/\/www.giurgiuveanul.ro\/stiri\/wp-json\/wp\/v2\/tags?post=95671"}],"curies":[{"name":"wp","href":"https:\/\/api.w.org\/{rel}","templated":true}]}}