{"id":95679,"date":"2023-02-15T16:41:38","date_gmt":"2023-02-15T14:41:38","guid":{"rendered":"https:\/\/www.giurgiuveanul.ro\/stiri\/?p=95679"},"modified":"2023-02-15T16:41:38","modified_gmt":"2023-02-15T14:41:38","slug":"prefectura-si-consiliul-judetean-giurgiu-masuri-in-urma-controlului-de-la-centrul-pentru-persoane-varstnice-mironesti","status":"publish","type":"post","link":"https:\/\/www.giurgiuveanul.ro\/stiri\/prefectura-si-consiliul-judetean-giurgiu-masuri-in-urma-controlului-de-la-centrul-pentru-persoane-varstnice-mironesti\/","title":{"rendered":"Prefectura \u015fi Consiliul Jude\u0163ean Giurgiu, m\u0103suri \u00een urma controlului de la Centrul pentru Persoane V\u00e2rstnice Mirone\u015fti"},"content":{"rendered":"<p><a href=\"https:\/\/www.giurgiuveanul.ro\/stiri\/wp-content\/uploads\/2022\/06\/0-Prefectura-Giurgiu-by-Vasile-Arcanu.jpg\"><img loading=\"lazy\" decoding=\"async\" class=\"aligncenter  wp-image-91127\" src=\"https:\/\/www.giurgiuveanul.ro\/stiri\/wp-content\/uploads\/2022\/06\/0-Prefectura-Giurgiu-by-Vasile-Arcanu-560x361.jpg\" alt=\"\" width=\"572\" height=\"369\" srcset=\"https:\/\/www.giurgiuveanul.ro\/stiri\/wp-content\/uploads\/2022\/06\/0-Prefectura-Giurgiu-by-Vasile-Arcanu-560x361.jpg 560w, https:\/\/www.giurgiuveanul.ro\/stiri\/wp-content\/uploads\/2022\/06\/0-Prefectura-Giurgiu-by-Vasile-Arcanu-250x161.jpg 250w, https:\/\/www.giurgiuveanul.ro\/stiri\/wp-content\/uploads\/2022\/06\/0-Prefectura-Giurgiu-by-Vasile-Arcanu-768x494.jpg 768w, https:\/\/www.giurgiuveanul.ro\/stiri\/wp-content\/uploads\/2022\/06\/0-Prefectura-Giurgiu-by-Vasile-Arcanu-400x258.jpg 400w, https:\/\/www.giurgiuveanul.ro\/stiri\/wp-content\/uploads\/2022\/06\/0-Prefectura-Giurgiu-by-Vasile-Arcanu.jpg 800w\" sizes=\"auto, (max-width: 572px) 100vw, 572px\" \/><\/a>Ca urmare a controlul tematic desf\u0103\u0219urat \u00een data de<!--more--> 13.02.2023 de c\u0103tre comisari din cadrul CRPCR Bucure\u0219ti \u2013 Ilfov, la Centrul pentru Persoane V\u00e2rstnice Mirone\u0219ti, unde au fost constatate o serie de deficien\u021be, <strong>Institu\u021bia Prefectului &#8211; jude\u021bul Giurgiu a solicitat Consiliului Jude\u021bean Giurgiu<\/strong> ca \u00een termen c\u00e2t mai scurt s\u0103 procedeze la remedierea acestor deficien\u021be, pentru a nu pune \u00een pericol s\u0103n\u0103tatea \u0219i integritatea beneficiarilor, care, dup\u0103 cum se \u0219tie, sunt persoane de v\u00e2rstnice aflate \u00een nevoie.<\/p>\n<p>De asemenea, pentru evitarea apari\u021biei unor situa\u021bii similare, Institu\u021bia Prefectului &#8211; jude\u021bul Giurgiu a solicitat realizarea unei evalu\u0103ri la nivelul tuturor centrelor aflate \u00een subordinea Consiliului Jude\u021bean Giurgiu, astfel \u00eenc\u00e2t s\u0103 fie asigurate beneficiarilor condi\u021bii optime de trai.<\/p>\n<p>\u00cen acest sens, Institu\u021bia Prefectului \u2013 jude\u021bul Giurgiu a solicitat s\u0103 fie informat\u0103 de c\u0103tre Consiliul Jude\u021bean Giurgiu cu privire la m\u0103surile \u00eentreprinse at\u00e2t pentru remedierea deficien\u021belor constatate la Centrul pentru Persoane V\u00e2rstnice Mirone\u0219ti, c\u00e2t \u0219i pentru asigurarea condi\u021biilor necesare prev\u0103zute de legisla\u021bia \u00een vigoare pentru toate centrele care furnizeaz\u0103 servicii sociale.<\/p>\n<p>&nbsp;<\/p>\n<p><strong>Pre\u0219edintele Consiliului Jude\u021bean Giurgiu, Dumitru Beianu<\/strong>, a mers ast\u0103zi, \u00eempreun\u0103 cu directorul DGASPC Giurgiu la Centrul pentru Persoane V\u00e2rstnice Mirone\u0219ti pentru a verifica dac\u0103 angaja\u021bii unit\u0103\u021bii au \u00eenceput s\u0103 pun\u0103 \u00een aplicare m\u0103surile dispuse ieri, dup\u0103 ce inspectorii ANPC au decis \u00eenchiderea unor pavilioane.<\/p>\n<p>Se lucreaz\u0103 la acest moment la igienizarea buc\u0103t\u0103riei \u0219i a s\u0103lii de mese.<\/p>\n<p><em>\u201cC\u00e2nd vine vorba de siguran\u021ba beneficiarilor din sistem, de la copii p\u00e2n\u0103 la b\u0103tr\u00e2ni, cu to\u021bii oameni lovi\u021bi de soart\u0103, nu sunt dispus s\u0103 accept niciun compromis. \u00cen sistemul de asisten\u021b\u0103 social\u0103, pe primul loc este beneficiarul, s\u0103 fie clar! De la \u00eenceputul mandatului am demarat o serie de proiecte care s\u0103 ridice c\u00e2t de mult posibil calitatea vie\u021bii acestor oameni vulnerabili. Sunt \u00een derulare proiecte de modernizare, reabilitare, eficientizare energetic\u0103. Sunt pa\u0219i importan\u021bi, mai ales dup\u0103 un mandat anterior \u00een care singura m\u0103sura a fost angajarea, \u00een ne\u0219tire, a unui num\u0103r foarte mare de angaja\u021bi. Nu este u\u0219or, dar le rezolv\u0103m \u00eencet, \u00eencet pe toate. L-am asigurat pe directorul DGASPC c\u0103 are tot sprijinul din partea Consiliului Jude\u021bean pentru remedierea tuturor problemelor cu care se confrunt\u0103 sistemul de asisten\u021b\u0103 social\u0103 giurgiuvean\u201c,<\/em> a declarat pre\u0219edintele Consiliului Jude\u021bean Giurgiu, Dumitru Beianu.<\/p>\n","protected":false},"excerpt":{"rendered":"<p>Ca urmare a controlul tematic desf\u0103\u0219urat \u00een data de<\/p>\n","protected":false},"author":1,"featured_media":0,"comment_status":"open","ping_status":"open","sticky":false,"template":"","format":"standard","meta":{"footnotes":""},"categories":[6],"tags":[],"class_list":["post-95679","post","type-post","status-publish","format-standard","hentry","category-breaking-news"],"_links":{"self":[{"href":"https:\/\/www.giurgiuveanul.ro\/stiri\/wp-json\/wp\/v2\/posts\/95679","targetHints":{"allow":["GET"]}}],"collection":[{"href":"https:\/\/www.giurgiuveanul.ro\/stiri\/wp-json\/wp\/v2\/posts"}],"about":[{"href":"https:\/\/www.giurgiuveanul.ro\/stiri\/wp-json\/wp\/v2\/types\/post"}],"author":[{"embeddable":true,"href":"https:\/\/www.giurgiuveanul.ro\/stiri\/wp-json\/wp\/v2\/users\/1"}],"replies":[{"embeddable":true,"href":"https:\/\/www.giurgiuveanul.ro\/stiri\/wp-json\/wp\/v2\/comments?post=95679"}],"version-history":[{"count":0,"href":"https:\/\/www.giurgiuveanul.ro\/stiri\/wp-json\/wp\/v2\/posts\/95679\/revisions"}],"wp:attachment":[{"href":"https:\/\/www.giurgiuveanul.ro\/stiri\/wp-json\/wp\/v2\/media?parent=95679"}],"wp:term":[{"taxonomy":"category","embeddable":true,"href":"https:\/\/www.giurgiuveanul.ro\/stiri\/wp-json\/wp\/v2\/categories?post=95679"},{"taxonomy":"post_tag","embeddable":true,"href":"https:\/\/www.giurgiuveanul.ro\/stiri\/wp-json\/wp\/v2\/tags?post=95679"}],"curies":[{"name":"wp","href":"https:\/\/api.w.org\/{rel}","templated":true}]}}