{"id":95689,"date":"2023-02-16T14:32:05","date_gmt":"2023-02-16T12:32:05","guid":{"rendered":"https:\/\/www.giurgiuveanul.ro\/stiri\/?p=95689"},"modified":"2023-02-16T14:32:05","modified_gmt":"2023-02-16T12:32:05","slug":"desi-avea-permisul-de-conducere-suspendat-depistat-in-trafic-cu-un-autoturism-neinmatriculat","status":"publish","type":"post","link":"https:\/\/www.giurgiuveanul.ro\/stiri\/desi-avea-permisul-de-conducere-suspendat-depistat-in-trafic-cu-un-autoturism-neinmatriculat\/","title":{"rendered":"De\u015fi avea permisul de conducere suspendat, depistat \u00een trafic cu un autoturism ne\u00eenmatriculat"},"content":{"rendered":"<p><a href=\"https:\/\/www.giurgiuveanul.ro\/stiri\/wp-content\/uploads\/2022\/12\/foto2.jpeg\"><img loading=\"lazy\" decoding=\"async\" class=\"aligncenter  wp-image-93831\" src=\"https:\/\/www.giurgiuveanul.ro\/stiri\/wp-content\/uploads\/2022\/12\/foto2-560x420.jpeg\" alt=\"\" width=\"581\" height=\"436\" srcset=\"https:\/\/www.giurgiuveanul.ro\/stiri\/wp-content\/uploads\/2022\/12\/foto2-560x420.jpeg 560w, https:\/\/www.giurgiuveanul.ro\/stiri\/wp-content\/uploads\/2022\/12\/foto2-250x188.jpeg 250w, https:\/\/www.giurgiuveanul.ro\/stiri\/wp-content\/uploads\/2022\/12\/foto2-768x576.jpeg 768w, https:\/\/www.giurgiuveanul.ro\/stiri\/wp-content\/uploads\/2022\/12\/foto2-1536x1152.jpeg 1536w, https:\/\/www.giurgiuveanul.ro\/stiri\/wp-content\/uploads\/2022\/12\/foto2-400x300.jpeg 400w, https:\/\/www.giurgiuveanul.ro\/stiri\/wp-content\/uploads\/2022\/12\/foto2.jpeg 2048w\" sizes=\"auto, (max-width: 581px) 100vw, 581px\" \/><\/a>Poli\u021bi\u0219tii din cadrul<!--more--> Poli\u021biei ora\u0219 Mih\u0103ile\u0219ti, \u00een timp ce se aflau \u00een exercitarea atribu\u021biilor de serviciu, au depistat la data de 15 februarie a.c., ora 21.45, \u00a0pe D.N.6, \u00een localitatea Mih\u0103ile\u0219ti, un b\u0103rbat, de 52 de ani, din comuna Ghimpa\u021bi, \u00een timp ce conducea un autoturism.<\/p>\n<p>&nbsp;<\/p>\n<p>\u00cen urma verific\u0103rilor efectuate, poli\u021bi\u0219tii au constatat faptul c\u0103 b\u0103rbatul \u00een cauz\u0103 avea dreptul de a conduce anulat, iar autoturismul condus nu era \u00eenmatriculat.<\/p>\n<p>&nbsp;<\/p>\n<p>\u00cen cauz\u0103, se efectueaz\u0103 cercet\u0103ri sub aspectul s\u0103v\u00e2r\u015firii infrac\u0163iunilor de conducerea pe drumurile publice a unui autovehicul de c\u0103tre o persoan\u0103 al c\u0103rei permis de conducere a fost anulat \u0219i conducerea pe drumurile publice a unui autovehicul ne\u00eenmatriculat.<\/p>\n","protected":false},"excerpt":{"rendered":"<p>Poli\u021bi\u0219tii din cadrul<\/p>\n","protected":false},"author":1,"featured_media":0,"comment_status":"open","ping_status":"open","sticky":false,"template":"","format":"standard","meta":{"footnotes":""},"categories":[6],"tags":[],"class_list":["post-95689","post","type-post","status-publish","format-standard","hentry","category-breaking-news"],"_links":{"self":[{"href":"https:\/\/www.giurgiuveanul.ro\/stiri\/wp-json\/wp\/v2\/posts\/95689","targetHints":{"allow":["GET"]}}],"collection":[{"href":"https:\/\/www.giurgiuveanul.ro\/stiri\/wp-json\/wp\/v2\/posts"}],"about":[{"href":"https:\/\/www.giurgiuveanul.ro\/stiri\/wp-json\/wp\/v2\/types\/post"}],"author":[{"embeddable":true,"href":"https:\/\/www.giurgiuveanul.ro\/stiri\/wp-json\/wp\/v2\/users\/1"}],"replies":[{"embeddable":true,"href":"https:\/\/www.giurgiuveanul.ro\/stiri\/wp-json\/wp\/v2\/comments?post=95689"}],"version-history":[{"count":0,"href":"https:\/\/www.giurgiuveanul.ro\/stiri\/wp-json\/wp\/v2\/posts\/95689\/revisions"}],"wp:attachment":[{"href":"https:\/\/www.giurgiuveanul.ro\/stiri\/wp-json\/wp\/v2\/media?parent=95689"}],"wp:term":[{"taxonomy":"category","embeddable":true,"href":"https:\/\/www.giurgiuveanul.ro\/stiri\/wp-json\/wp\/v2\/categories?post=95689"},{"taxonomy":"post_tag","embeddable":true,"href":"https:\/\/www.giurgiuveanul.ro\/stiri\/wp-json\/wp\/v2\/tags?post=95689"}],"curies":[{"name":"wp","href":"https:\/\/api.w.org\/{rel}","templated":true}]}}