{"id":95704,"date":"2023-02-16T14:57:35","date_gmt":"2023-02-16T12:57:35","guid":{"rendered":"https:\/\/www.giurgiuveanul.ro\/stiri\/?p=95704"},"modified":"2023-02-16T14:58:51","modified_gmt":"2023-02-16T12:58:51","slug":"activitate-sportiva-unificata-cu-96-de-elevi-ai-scolii-generatiei-unificate-la-unitati-de-invatamant-din-giurgiu","status":"publish","type":"post","link":"https:\/\/www.giurgiuveanul.ro\/stiri\/activitate-sportiva-unificata-cu-96-de-elevi-ai-scolii-generatiei-unificate-la-unitati-de-invatamant-din-giurgiu\/","title":{"rendered":"Activitate sportiv\u0103 unificat\u0103 cu 96 de elevi ai \u0218colii Genera\u021biei Unificate, la unit\u0103\u021bi de \u00eenv\u0103\u021b\u0103m\u00e2nt din Giurgiu"},"content":{"rendered":"<p style=\"text-align: justify;\"><strong><a href=\"https:\/\/www.giurgiuveanul.ro\/stiri\/wp-content\/uploads\/2023\/02\/DSC00416-scaled.jpg\"><img loading=\"lazy\" decoding=\"async\" class=\"aligncenter wp-image-95705\" src=\"https:\/\/www.giurgiuveanul.ro\/stiri\/wp-content\/uploads\/2023\/02\/DSC00416-560x373.jpg\" alt=\"\" width=\"579\" height=\"385\" srcset=\"https:\/\/www.giurgiuveanul.ro\/stiri\/wp-content\/uploads\/2023\/02\/DSC00416-560x373.jpg 560w, https:\/\/www.giurgiuveanul.ro\/stiri\/wp-content\/uploads\/2023\/02\/DSC00416-250x167.jpg 250w, https:\/\/www.giurgiuveanul.ro\/stiri\/wp-content\/uploads\/2023\/02\/DSC00416-768x512.jpg 768w, https:\/\/www.giurgiuveanul.ro\/stiri\/wp-content\/uploads\/2023\/02\/DSC00416-1536x1024.jpg 1536w, https:\/\/www.giurgiuveanul.ro\/stiri\/wp-content\/uploads\/2023\/02\/DSC00416-2048x1365.jpg 2048w, https:\/\/www.giurgiuveanul.ro\/stiri\/wp-content\/uploads\/2023\/02\/DSC00416-400x267.jpg 400w\" sizes=\"auto, (max-width: 579px) 100vw, 579px\" \/><\/a>Special Olympics Rom\u00e2nia organizeaz\u0103<!--more--> activit\u0103\u021bi sportive unificate \u00een unit\u0103\u021bi de \u00eenv\u0103\u021b\u0103m\u00e2nt din Giurgiu, \u00een cadrul proiectului \u0218coala Genera\u021biei Unificate. La sala de sport a \u0218colii Gimnaziale &#8222;Sfin\u021bii Martiri Br\u00e2ncoveni\u201d particip\u0103 ast\u0103zi 96 de sportivi cu \u0219i f\u0103r\u0103 dizabilit\u0103\u021bi intelectuale, 10 voluntari \u0219i 20 de profesori.<\/strong><\/p>\n<p style=\"text-align: justify;\">Elevii prezen\u021bi la eveniment vor juca fotbal \u0219i baschet, abilit\u0103\u021bi individuale \u0219i particip\u0103 din partea urm\u0103toarelor \u0219coli \u0219i institu\u021bii: Colegiul Tehnic Viceamiral \u201dIoan B\u0103l\u0103nescu\u201d, Liceul Tehnologic \u201dIon Barbu\u201d, Liceul Teoretic \u201dNicolae Cartojan\u201d, \u0218coala Gimnazial\u0103 &#8222;Sfin\u021bii Martiri Br\u00e2ncoveni&#8221;, \u0218coala Gimnazial\u0103 Special\u0103 nr. 1 Giurgiu, \u0218coala Gimnazial\u0103 \u201dAcademician Marin Voiculescu\u201d \u0219i DGASPC Giurgiu \u2013 Complexul de Servicii pentru Adul\u021bi cu dizabilit\u0103\u021bi. Activitatea sportiv\u0103 va fi asigurat\u0103 cu voluntari elevi de la Liceul Teoretic \u201dNicolae Cartojan\u201d.<\/p>\n<p style=\"text-align: justify;\"><em> <a href=\"https:\/\/www.giurgiuveanul.ro\/stiri\/wp-content\/uploads\/2023\/02\/DSC00353-scaled.jpg\"><img loading=\"lazy\" decoding=\"async\" class=\"aligncenter  wp-image-95708\" src=\"https:\/\/www.giurgiuveanul.ro\/stiri\/wp-content\/uploads\/2023\/02\/DSC00353-560x373.jpg\" alt=\"\" width=\"569\" height=\"379\" srcset=\"https:\/\/www.giurgiuveanul.ro\/stiri\/wp-content\/uploads\/2023\/02\/DSC00353-560x373.jpg 560w, https:\/\/www.giurgiuveanul.ro\/stiri\/wp-content\/uploads\/2023\/02\/DSC00353-250x167.jpg 250w, https:\/\/www.giurgiuveanul.ro\/stiri\/wp-content\/uploads\/2023\/02\/DSC00353-768x512.jpg 768w, https:\/\/www.giurgiuveanul.ro\/stiri\/wp-content\/uploads\/2023\/02\/DSC00353-1536x1024.jpg 1536w, https:\/\/www.giurgiuveanul.ro\/stiri\/wp-content\/uploads\/2023\/02\/DSC00353-2048x1365.jpg 2048w, https:\/\/www.giurgiuveanul.ro\/stiri\/wp-content\/uploads\/2023\/02\/DSC00353-400x267.jpg 400w\" sizes=\"auto, (max-width: 569px) 100vw, 569px\" \/><\/a> <a href=\"https:\/\/www.giurgiuveanul.ro\/stiri\/wp-content\/uploads\/2023\/02\/DSC00363-scaled.jpg\"><img loading=\"lazy\" decoding=\"async\" class=\"aligncenter  wp-image-95709\" src=\"https:\/\/www.giurgiuveanul.ro\/stiri\/wp-content\/uploads\/2023\/02\/DSC00363-560x373.jpg\" alt=\"\" width=\"568\" height=\"378\" srcset=\"https:\/\/www.giurgiuveanul.ro\/stiri\/wp-content\/uploads\/2023\/02\/DSC00363-560x373.jpg 560w, https:\/\/www.giurgiuveanul.ro\/stiri\/wp-content\/uploads\/2023\/02\/DSC00363-250x167.jpg 250w, https:\/\/www.giurgiuveanul.ro\/stiri\/wp-content\/uploads\/2023\/02\/DSC00363-768x512.jpg 768w, https:\/\/www.giurgiuveanul.ro\/stiri\/wp-content\/uploads\/2023\/02\/DSC00363-1536x1024.jpg 1536w, https:\/\/www.giurgiuveanul.ro\/stiri\/wp-content\/uploads\/2023\/02\/DSC00363-2048x1365.jpg 2048w, https:\/\/www.giurgiuveanul.ro\/stiri\/wp-content\/uploads\/2023\/02\/DSC00363-400x267.jpg 400w\" sizes=\"auto, (max-width: 568px) 100vw, 568px\" \/><\/a> <a href=\"https:\/\/www.giurgiuveanul.ro\/stiri\/wp-content\/uploads\/2023\/02\/DSC00387-scaled.jpg\"><img loading=\"lazy\" decoding=\"async\" class=\"aligncenter  wp-image-95710\" src=\"https:\/\/www.giurgiuveanul.ro\/stiri\/wp-content\/uploads\/2023\/02\/DSC00387-560x373.jpg\" alt=\"\" width=\"568\" height=\"378\" srcset=\"https:\/\/www.giurgiuveanul.ro\/stiri\/wp-content\/uploads\/2023\/02\/DSC00387-560x373.jpg 560w, https:\/\/www.giurgiuveanul.ro\/stiri\/wp-content\/uploads\/2023\/02\/DSC00387-250x167.jpg 250w, https:\/\/www.giurgiuveanul.ro\/stiri\/wp-content\/uploads\/2023\/02\/DSC00387-768x512.jpg 768w, https:\/\/www.giurgiuveanul.ro\/stiri\/wp-content\/uploads\/2023\/02\/DSC00387-1536x1024.jpg 1536w, https:\/\/www.giurgiuveanul.ro\/stiri\/wp-content\/uploads\/2023\/02\/DSC00387-2048x1365.jpg 2048w, https:\/\/www.giurgiuveanul.ro\/stiri\/wp-content\/uploads\/2023\/02\/DSC00387-400x267.jpg 400w\" sizes=\"auto, (max-width: 568px) 100vw, 568px\" \/><\/a> <a href=\"https:\/\/www.giurgiuveanul.ro\/stiri\/wp-content\/uploads\/2023\/02\/DSC00397-scaled.jpg\"><img loading=\"lazy\" decoding=\"async\" class=\"aligncenter  wp-image-95711\" src=\"https:\/\/www.giurgiuveanul.ro\/stiri\/wp-content\/uploads\/2023\/02\/DSC00397-560x373.jpg\" alt=\"\" width=\"568\" height=\"378\" srcset=\"https:\/\/www.giurgiuveanul.ro\/stiri\/wp-content\/uploads\/2023\/02\/DSC00397-560x373.jpg 560w, https:\/\/www.giurgiuveanul.ro\/stiri\/wp-content\/uploads\/2023\/02\/DSC00397-250x167.jpg 250w, https:\/\/www.giurgiuveanul.ro\/stiri\/wp-content\/uploads\/2023\/02\/DSC00397-768x512.jpg 768w, https:\/\/www.giurgiuveanul.ro\/stiri\/wp-content\/uploads\/2023\/02\/DSC00397-1536x1024.jpg 1536w, https:\/\/www.giurgiuveanul.ro\/stiri\/wp-content\/uploads\/2023\/02\/DSC00397-2048x1365.jpg 2048w, https:\/\/www.giurgiuveanul.ro\/stiri\/wp-content\/uploads\/2023\/02\/DSC00397-400x267.jpg 400w\" sizes=\"auto, (max-width: 568px) 100vw, 568px\" \/><\/a><\/em><\/p>\n<p style=\"text-align: justify;\"><em>\u201dElevii de la Liceul Teoretic Nicolae Cartojan s-au sim\u021bit onora\u021bi s\u0103 participe ast\u0103zi la evenimentul organizat de Funda\u021bia Special Olympics Rom\u00e2nia, al\u0103turi de colegii lor de la \u0218coala Gimnazial\u0103 Special\u0103 nr. 1 Giurgiu, particip\u00e2nd la competi\u021bia de fotbal \u0219i baschet abilit\u0103\u021bi individuale. Ei au contribuit \u00een felul acesta la construirea Genera\u021biei Unificate \u0219i au avut prilejul s\u0103 cunoasc\u0103 sportivii Speciali \u0219i s\u0103 concureze \u00eempreun\u0103\u201d ne-a declarat Mireala Deacu, profesor de Biologie \u0219i coordonator al voluntarilor, de la Liceul Teoretic \u201dNicolae Cartojan\u201d.<\/em><\/p>\n<p style=\"text-align: justify;\">Proiectul \u0218coala Genera\u021biei Unificate ajunge \u00een prima jum\u0103tate a anului 2023 \u00een jude\u021bele &#8211; Buz\u0103u, Mehedin\u021bi, Giurgiu \u0219i Dolj. \u00cen proiect sunt implicate 181 de \u0219coli de mas\u0103 \u0219i speciale din 19 jude\u021be.<\/p>\n<p style=\"text-align: justify;\">Funda\u021bia Special Olympics din Rom\u00e2nia a primit, \u00een anul 2020, o finan\u021bare din partea Excelen\u021bei Sale \u0218eicul Mohammed Bin Zayed Al Nahyan, Pre\u0219edinte al U.A.E., Conduc\u0103tor al Abu Dhabi \u0219i Comandantul Suprem al For\u021belor Armate ale Emiratelor Arabe Unite prin Special Olympics International. Proiectul \u0218coala Genera\u021biei Unificate se va implementa \u00een 240 de \u0219coli de mas\u0103 din 31 de jude\u021be p\u00e2n\u0103 \u00een Iunie 2024.<\/p>\n<p style=\"text-align: justify;\">\u00cen \u021bara noastr\u0103, programul vizeaz\u0103 peste 5.200 de elevi (cu \u0219i f\u0103r\u0103 dizabilit\u0103\u021bi intelectuale) care vor fi implica\u021bi \u00een activit\u0103\u021bi educa\u021bionale \u0219i sportive unificate (fotbal, baschet, gimnastic\u0103 \u0219i fitness), 1.200 de profesori din \u0219coli de masa care care vor participa la sesiuni de formare \u0219i 558 de antrenori.<\/p>\n<p style=\"text-align: justify;\">\u201d<em>Suntem foarte bucuro\u0219i c\u0103 avem posibilitatea de a fi al\u0103turi de elevii din Giurgiu pentru a face sport unificat \u0219i pentru a demonstra c\u0103 sportul une\u0219te oameni \u0219i \u00eenl\u0103tur\u0103 bariere sociale. Este o bun\u0103 ocazie de a demonstra puterea integratoare a sportului \u0219i ce \u00eenseamn\u0103 exact colaborarea dintre un sportiv cu dizabilit\u0103\u021bi intelectuale \u0219i un elev f\u0103r\u0103 dizabilit\u0103\u021bi<\/em>\u201d spune Viorel Mocanu, Director Sportiv Special Olympics Rom\u00e2nia.<\/p>\n<p style=\"text-align: justify;\"><strong>Despre Special Olympics Rom\u00e2nia<\/strong>:<\/p>\n<p style=\"text-align: justify;\">Special Olympics este o mi\u0219care global\u0103 care valorific\u0103 poten\u021bialul uman prin puterea transformatoare a sportului. Special Olympics ajut\u0103 persoanele cu dizabilit\u0103\u021bi intelectuale s\u0103 fie acceptate \u0219i implicate ca membri activi ai comunit\u0103\u021bilor din care fac parte, pentru a crea o societate respectat\u0103 \u0219i incluziv\u0103 pentru noi to\u021bi. Folosind sportul drept catalizator, \u00eempreun\u0103 cu programele colaterale de s\u0103n\u0103tate \u0219i educa\u021bie, Special Olympics lupt\u0103 \u00eempotriva pasivit\u0103\u021bii, a nedrept\u0103\u021bii \u0219i a intoleran\u021bei. \u00cen Rom\u00e2nia, din 2003, Special Olympics a ajutat, p\u00e2n\u0103 \u00een prezent, peste 27.000 de copii, tineri \u0219i adul\u021bi cu dizabilit\u0103\u021bi intelectuale s\u0103 fie cet\u0103\u021beni activi ai comunit\u0103\u021bii.<\/p>\n<p style=\"text-align: justify;\"><strong>Informa\u021bii \u0219i fotografii <\/strong>despre Special Olympics Rom\u00e2nia sunt disponibile pe <a href=\"http:\/\/www.specialolympics.ro\">website-ul<\/a> organiza\u021biei, <a href=\"https:\/\/www.facebook.com\/specialolympicsromania\/\">Facebook<\/a> \u0219i <a href=\"https:\/\/www.instagram.com\/specialolympicsromania\/\">Instagram<\/a>.<\/p>\n","protected":false},"excerpt":{"rendered":"<p>Special Olympics Rom\u00e2nia organizeaz\u0103<\/p>\n","protected":false},"author":1,"featured_media":0,"comment_status":"open","ping_status":"open","sticky":false,"template":"","format":"standard","meta":{"footnotes":""},"categories":[6],"tags":[],"class_list":["post-95704","post","type-post","status-publish","format-standard","hentry","category-breaking-news"],"_links":{"self":[{"href":"https:\/\/www.giurgiuveanul.ro\/stiri\/wp-json\/wp\/v2\/posts\/95704","targetHints":{"allow":["GET"]}}],"collection":[{"href":"https:\/\/www.giurgiuveanul.ro\/stiri\/wp-json\/wp\/v2\/posts"}],"about":[{"href":"https:\/\/www.giurgiuveanul.ro\/stiri\/wp-json\/wp\/v2\/types\/post"}],"author":[{"embeddable":true,"href":"https:\/\/www.giurgiuveanul.ro\/stiri\/wp-json\/wp\/v2\/users\/1"}],"replies":[{"embeddable":true,"href":"https:\/\/www.giurgiuveanul.ro\/stiri\/wp-json\/wp\/v2\/comments?post=95704"}],"version-history":[{"count":0,"href":"https:\/\/www.giurgiuveanul.ro\/stiri\/wp-json\/wp\/v2\/posts\/95704\/revisions"}],"wp:attachment":[{"href":"https:\/\/www.giurgiuveanul.ro\/stiri\/wp-json\/wp\/v2\/media?parent=95704"}],"wp:term":[{"taxonomy":"category","embeddable":true,"href":"https:\/\/www.giurgiuveanul.ro\/stiri\/wp-json\/wp\/v2\/categories?post=95704"},{"taxonomy":"post_tag","embeddable":true,"href":"https:\/\/www.giurgiuveanul.ro\/stiri\/wp-json\/wp\/v2\/tags?post=95704"}],"curies":[{"name":"wp","href":"https:\/\/api.w.org\/{rel}","templated":true}]}}