{"id":95718,"date":"2023-02-17T09:34:42","date_gmt":"2023-02-17T07:34:42","guid":{"rendered":"https:\/\/www.giurgiuveanul.ro\/stiri\/?p=95718"},"modified":"2023-02-17T09:38:13","modified_gmt":"2023-02-17T07:38:13","slug":"deputat-gabriela-horga-am-sarbatorit-ziua-nationala-a-lecturii-la-conacul-druganescu-in-floresti-stoenesti","status":"publish","type":"post","link":"https:\/\/www.giurgiuveanul.ro\/stiri\/deputat-gabriela-horga-am-sarbatorit-ziua-nationala-a-lecturii-la-conacul-druganescu-in-floresti-stoenesti\/","title":{"rendered":"Deputat Gabriela Horga: Am s\u0103rb\u0103torit Ziua Na\u021bional\u0103 a Lecturii la conacul Drug\u0103nescu, \u00een Flore\u0219ti-Stoene\u0219ti"},"content":{"rendered":"<p style=\"text-align: justify;\"><a href=\"https:\/\/www.giurgiuveanul.ro\/stiri\/wp-content\/uploads\/2023\/02\/1-1-1.jpg\"><img loading=\"lazy\" decoding=\"async\" class=\"aligncenter wp-image-95719\" src=\"https:\/\/www.giurgiuveanul.ro\/stiri\/wp-content\/uploads\/2023\/02\/1-1-1-560x416.jpg\" alt=\"\" width=\"578\" height=\"429\" srcset=\"https:\/\/www.giurgiuveanul.ro\/stiri\/wp-content\/uploads\/2023\/02\/1-1-1-560x416.jpg 560w, https:\/\/www.giurgiuveanul.ro\/stiri\/wp-content\/uploads\/2023\/02\/1-1-1-250x186.jpg 250w, https:\/\/www.giurgiuveanul.ro\/stiri\/wp-content\/uploads\/2023\/02\/1-1-1-768x570.jpg 768w, https:\/\/www.giurgiuveanul.ro\/stiri\/wp-content\/uploads\/2023\/02\/1-1-1-400x297.jpg 400w, https:\/\/www.giurgiuveanul.ro\/stiri\/wp-content\/uploads\/2023\/02\/1-1-1.jpg 1000w\" sizes=\"auto, (max-width: 578px) 100vw, 578px\" \/><\/a>Zeci de copii minuna\u021bi de la<!--more--> \u0219coala din localitate au participat, ieri, cu entuziasmul specific v\u00e2rstei. Fiecare elev a vorbit despre c\u00e2te o carte \u0219i am fost impresionat\u0103 de varietatea op\u021biunilor \u0219i de deschiderea pe care o manifest\u0103 pentru lectur\u0103.<\/p>\n<p style=\"text-align: justify;\">Felicit\u0103ri, doamnelor profesoare, dasc\u0103li de excep\u021bie, care \u00eei preg\u0103tesc cu at\u00e2ta dedicare!<\/p>\n<p style=\"text-align: justify;\">Tr\u0103im \u00eentr-o perioad\u0103 dominat\u0103 de presiunea timpului, de goana dup\u0103 atingerea unor obiective. F\u0103r\u0103 a nega aceast\u0103 realitate, trebuie s\u0103 \u00eei \u00eenv\u0103\u021b\u0103m pe copii c\u0103 este important s\u0103 \u00ee\u0219i g\u0103seasc\u0103 timp s\u0103 citeasc\u0103, pentru a-\u0219i dezvolta o g\u00e2ndire critic\u0103, pentru cunoa\u0219terea lor \u0219i pentru viitorul lor.<\/p>\n<p><a href=\"https:\/\/www.giurgiuveanul.ro\/stiri\/wp-content\/uploads\/2023\/02\/3-1-1.jpg\"><img loading=\"lazy\" decoding=\"async\" class=\"aligncenter wp-image-95723\" src=\"https:\/\/www.giurgiuveanul.ro\/stiri\/wp-content\/uploads\/2023\/02\/3-1-1-465x450.jpg\" alt=\"\" width=\"579\" height=\"560\" srcset=\"https:\/\/www.giurgiuveanul.ro\/stiri\/wp-content\/uploads\/2023\/02\/3-1-1-465x450.jpg 465w, https:\/\/www.giurgiuveanul.ro\/stiri\/wp-content\/uploads\/2023\/02\/3-1-1-250x242.jpg 250w, https:\/\/www.giurgiuveanul.ro\/stiri\/wp-content\/uploads\/2023\/02\/3-1-1-768x743.jpg 768w, https:\/\/www.giurgiuveanul.ro\/stiri\/wp-content\/uploads\/2023\/02\/3-1-1-400x387.jpg 400w, https:\/\/www.giurgiuveanul.ro\/stiri\/wp-content\/uploads\/2023\/02\/3-1-1.jpg 1221w\" sizes=\"auto, (max-width: 579px) 100vw, 579px\" \/><\/a><a href=\"https:\/\/www.giurgiuveanul.ro\/stiri\/wp-content\/uploads\/2023\/02\/2-1-1.jpg\"><img loading=\"lazy\" decoding=\"async\" class=\"aligncenter wp-image-95722\" src=\"https:\/\/www.giurgiuveanul.ro\/stiri\/wp-content\/uploads\/2023\/02\/2-1-1-560x450.jpg\" alt=\"\" width=\"575\" height=\"462\" srcset=\"https:\/\/www.giurgiuveanul.ro\/stiri\/wp-content\/uploads\/2023\/02\/2-1-1-560x450.jpg 560w, https:\/\/www.giurgiuveanul.ro\/stiri\/wp-content\/uploads\/2023\/02\/2-1-1-250x201.jpg 250w, https:\/\/www.giurgiuveanul.ro\/stiri\/wp-content\/uploads\/2023\/02\/2-1-1-768x616.jpg 768w, https:\/\/www.giurgiuveanul.ro\/stiri\/wp-content\/uploads\/2023\/02\/2-1-1-400x321.jpg 400w, https:\/\/www.giurgiuveanul.ro\/stiri\/wp-content\/uploads\/2023\/02\/2-1-1.jpg 1358w\" sizes=\"auto, (max-width: 575px) 100vw, 575px\" \/><\/a> <a href=\"https:\/\/www.giurgiuveanul.ro\/stiri\/wp-content\/uploads\/2023\/02\/5-1-1.jpg\"><img loading=\"lazy\" decoding=\"async\" class=\"aligncenter wp-image-95724\" src=\"https:\/\/www.giurgiuveanul.ro\/stiri\/wp-content\/uploads\/2023\/02\/5-1-1-517x450.jpg\" alt=\"\" width=\"574\" height=\"500\" srcset=\"https:\/\/www.giurgiuveanul.ro\/stiri\/wp-content\/uploads\/2023\/02\/5-1-1-517x450.jpg 517w, https:\/\/www.giurgiuveanul.ro\/stiri\/wp-content\/uploads\/2023\/02\/5-1-1-250x218.jpg 250w, https:\/\/www.giurgiuveanul.ro\/stiri\/wp-content\/uploads\/2023\/02\/5-1-1-768x669.jpg 768w, https:\/\/www.giurgiuveanul.ro\/stiri\/wp-content\/uploads\/2023\/02\/5-1-1-400x348.jpg 400w, https:\/\/www.giurgiuveanul.ro\/stiri\/wp-content\/uploads\/2023\/02\/5-1-1.jpg 1024w\" sizes=\"auto, (max-width: 574px) 100vw, 574px\" \/><\/a> <a href=\"https:\/\/www.giurgiuveanul.ro\/stiri\/wp-content\/uploads\/2023\/02\/8-1.jpg\"><img loading=\"lazy\" decoding=\"async\" class=\"aligncenter wp-image-95725\" src=\"https:\/\/www.giurgiuveanul.ro\/stiri\/wp-content\/uploads\/2023\/02\/8-1-382x450.jpg\" alt=\"\" width=\"570\" height=\"671\" srcset=\"https:\/\/www.giurgiuveanul.ro\/stiri\/wp-content\/uploads\/2023\/02\/8-1-382x450.jpg 382w, https:\/\/www.giurgiuveanul.ro\/stiri\/wp-content\/uploads\/2023\/02\/8-1-250x295.jpg 250w, https:\/\/www.giurgiuveanul.ro\/stiri\/wp-content\/uploads\/2023\/02\/8-1-768x906.jpg 768w, https:\/\/www.giurgiuveanul.ro\/stiri\/wp-content\/uploads\/2023\/02\/8-1-400x472.jpg 400w, https:\/\/www.giurgiuveanul.ro\/stiri\/wp-content\/uploads\/2023\/02\/8-1.jpg 860w\" sizes=\"auto, (max-width: 570px) 100vw, 570px\" \/><\/a><\/p>\n<p style=\"text-align: justify;\">La ac\u021biunea de la Flore\u0219ti-Stoene\u0219ti au mai participat <strong>deputata <a href=\"https:\/\/www.facebook.com\/moraroliviadiana?__cft__%5b0%5d=AZXhPZecXIC35zMuBUhJNYCDU0LCt6MJweDlAUTaAs5zQ-si8Ro3UaU2LJHWnnERxMCbbIt0CkIPQZP_R9y1d5RN_fWbc9-IozHujUM1ZGuByeB_l07H33SFg5TAAQw7dBYSh4-e6Bw7OYyZAaOd-czeO0-IThfKibjhJTpOOrVS5E5HQCl2K5l1ymd3qf3jeNQ&amp;__tn__=-%5dK-R\">Diana Morar<\/a><\/strong>, membr\u0103 a Comisei de Educa\u021bie din Camera Deputa\u021bilor, vicepre\u0219edinta CJ Giurgiu, <strong>Elisabeta Mihalcea<\/strong>. A fost prezent \u0219i <strong>ministrul <a href=\"https:\/\/www.facebook.com\/tianu?__cft__%5b0%5d=AZXhPZecXIC35zMuBUhJNYCDU0LCt6MJweDlAUTaAs5zQ-si8Ro3UaU2LJHWnnERxMCbbIt0CkIPQZP_R9y1d5RN_fWbc9-IozHujUM1ZGuByeB_l07H33SFg5TAAQw7dBYSh4-e6Bw7OYyZAaOd-czeO0-IThfKibjhJTpOOrVS5E5HQCl2K5l1ymd3qf3jeNQ&amp;__tn__=-%5dK-R\">Sebastian Burduja<\/a><\/strong>, al\u0103turi de care am fost \u00een demersul de ini\u021biere a legii privind Ziua Na\u021bional\u0103 a Lecturii. M\u0103 bucur c\u0103 legea a fost aprobat\u0103 \u0219i c\u0103 organiz\u0103m astfel de ac\u021biuni.<\/p>\n<p style=\"text-align: justify;\">Mul\u021bumim gazdelor de la conacul Drug\u0103nescu \u0219i <strong>domnului primar\u00a0Constantin Dumitru<\/strong>, pentru organizarea acestui eveniment special \u00eempreun\u0103 cu doamnele profesoare!<\/p>\n<p style=\"text-align: center;\"><strong>Gabriela Horga,<\/strong><\/p>\n<p style=\"text-align: center;\"><strong> Deputat PNL de Giurgiu<\/strong><\/p>\n","protected":false},"excerpt":{"rendered":"<p>Zeci de copii minuna\u021bi de la<\/p>\n","protected":false},"author":1,"featured_media":0,"comment_status":"open","ping_status":"open","sticky":false,"template":"","format":"standard","meta":{"footnotes":""},"categories":[6],"tags":[],"class_list":["post-95718","post","type-post","status-publish","format-standard","hentry","category-breaking-news"],"_links":{"self":[{"href":"https:\/\/www.giurgiuveanul.ro\/stiri\/wp-json\/wp\/v2\/posts\/95718","targetHints":{"allow":["GET"]}}],"collection":[{"href":"https:\/\/www.giurgiuveanul.ro\/stiri\/wp-json\/wp\/v2\/posts"}],"about":[{"href":"https:\/\/www.giurgiuveanul.ro\/stiri\/wp-json\/wp\/v2\/types\/post"}],"author":[{"embeddable":true,"href":"https:\/\/www.giurgiuveanul.ro\/stiri\/wp-json\/wp\/v2\/users\/1"}],"replies":[{"embeddable":true,"href":"https:\/\/www.giurgiuveanul.ro\/stiri\/wp-json\/wp\/v2\/comments?post=95718"}],"version-history":[{"count":0,"href":"https:\/\/www.giurgiuveanul.ro\/stiri\/wp-json\/wp\/v2\/posts\/95718\/revisions"}],"wp:attachment":[{"href":"https:\/\/www.giurgiuveanul.ro\/stiri\/wp-json\/wp\/v2\/media?parent=95718"}],"wp:term":[{"taxonomy":"category","embeddable":true,"href":"https:\/\/www.giurgiuveanul.ro\/stiri\/wp-json\/wp\/v2\/categories?post=95718"},{"taxonomy":"post_tag","embeddable":true,"href":"https:\/\/www.giurgiuveanul.ro\/stiri\/wp-json\/wp\/v2\/tags?post=95718"}],"curies":[{"name":"wp","href":"https:\/\/api.w.org\/{rel}","templated":true}]}}