{"id":95738,"date":"2023-02-17T10:36:49","date_gmt":"2023-02-17T08:36:49","guid":{"rendered":"https:\/\/www.giurgiuveanul.ro\/stiri\/?p=95738"},"modified":"2023-02-17T11:16:16","modified_gmt":"2023-02-17T09:16:16","slug":"apel-la-solidaritate-familia-giurgiuveanului-daniel-presada-mort-in-germania-s-a-imprumutat-pentru-a-i-putea-repatria-trupul-neinsufletit-haideti-sa-o-ajutam","status":"publish","type":"post","link":"https:\/\/www.giurgiuveanul.ro\/stiri\/apel-la-solidaritate-familia-giurgiuveanului-daniel-presada-mort-in-germania-s-a-imprumutat-pentru-a-i-putea-repatria-trupul-neinsufletit-haideti-sa-o-ajutam\/","title":{"rendered":"Apel la solidaritate! Familia giurgiuveanului Daniel Presad\u0103, mort \u00een Germania, s-a \u00eemprumutat pentru a-i putea repatria trupul ne\u00eensufle\u0163it! Haide\u0163i s\u0103 o ajut\u0103m!"},"content":{"rendered":"<p style=\"text-align: justify;\"><strong><a href=\"https:\/\/www.giurgiuveanul.ro\/stiri\/wp-content\/uploads\/2023\/02\/Daniel-Presada1.jpg\"><img loading=\"lazy\" decoding=\"async\" class=\"aligncenter wp-image-95730\" src=\"https:\/\/www.giurgiuveanul.ro\/stiri\/wp-content\/uploads\/2023\/02\/Daniel-Presada1-560x427.jpg\" alt=\"\" width=\"575\" height=\"438\" srcset=\"https:\/\/www.giurgiuveanul.ro\/stiri\/wp-content\/uploads\/2023\/02\/Daniel-Presada1-560x427.jpg 560w, https:\/\/www.giurgiuveanul.ro\/stiri\/wp-content\/uploads\/2023\/02\/Daniel-Presada1-250x191.jpg 250w, https:\/\/www.giurgiuveanul.ro\/stiri\/wp-content\/uploads\/2023\/02\/Daniel-Presada1-768x585.jpg 768w, https:\/\/www.giurgiuveanul.ro\/stiri\/wp-content\/uploads\/2023\/02\/Daniel-Presada1-400x305.jpg 400w, https:\/\/www.giurgiuveanul.ro\/stiri\/wp-content\/uploads\/2023\/02\/Daniel-Presada1.jpg 1500w\" sizes=\"auto, (max-width: 575px) 100vw, 575px\" \/><\/a>Giurgiuveanul Daniel Presad\u0103,<!--more--> \u015fofer de TIR, a murit \u00een Germania.<\/strong><\/p>\n<p style=\"text-align: justify;\">Nenorocirea s-a \u00eent\u00e2mplat \u00een weekend-ul trecut, c\u00e2nd ar fi suferit un AVC. Din p\u0103cate, asigurarea medical\u0103 nu acoper\u0103 dec\u00e2t accidentele de munc\u0103. A fost \u00een moarte cerebral\u0103 p\u00e2n\u0103 mar\u0163i, atunci c\u00e2nd corpul a cedat&#8230;<\/p>\n<p style=\"text-align: justify;\">Avea 48 de ani, era singurul \u00eentre\u0163in\u0103tor al familiei, so\u0163ia este bolnav\u0103 \u015fi au o feti\u0163\u0103 de 12 ani. Familia s-a \u00eemprumutat, iar trupul ne\u00eensufle\u0163it va ajunge m\u00e2ine \u00een \u0163ar\u0103, urm\u00e2nd a fi <strong>depus m\u00e2ine, dup\u0103 pr\u00e2nz, la Capela Bisericii \u201eSfin\u0163ii Martiri Br\u00e2ncoveni&#8221;<\/strong>.<\/p>\n<p style=\"text-align: justify;\">Familia are mare nevoie de ajutor. Orice fel de ajutor este bine venit\u2026<\/p>\n<p style=\"text-align: justify;\">Cei care pot oferi sprijin financiar o pot face <strong>la CEC<\/strong>, unde s-a deschis un cont <strong>RO61CECEB00008RON2599015, <\/strong>pe numele <strong>C\u00ceNT\u0102RITU GICA<\/strong>.<\/p>\n<p style=\"text-align: justify;\"><em>V\u0103 rug\u0103m distribui\u0163i pe Facebook!<\/em><\/p>\n","protected":false},"excerpt":{"rendered":"<p>Giurgiuveanul Daniel Presad\u0103,<\/p>\n","protected":false},"author":1,"featured_media":0,"comment_status":"open","ping_status":"open","sticky":false,"template":"","format":"standard","meta":{"footnotes":""},"categories":[6],"tags":[],"class_list":["post-95738","post","type-post","status-publish","format-standard","hentry","category-breaking-news"],"_links":{"self":[{"href":"https:\/\/www.giurgiuveanul.ro\/stiri\/wp-json\/wp\/v2\/posts\/95738","targetHints":{"allow":["GET"]}}],"collection":[{"href":"https:\/\/www.giurgiuveanul.ro\/stiri\/wp-json\/wp\/v2\/posts"}],"about":[{"href":"https:\/\/www.giurgiuveanul.ro\/stiri\/wp-json\/wp\/v2\/types\/post"}],"author":[{"embeddable":true,"href":"https:\/\/www.giurgiuveanul.ro\/stiri\/wp-json\/wp\/v2\/users\/1"}],"replies":[{"embeddable":true,"href":"https:\/\/www.giurgiuveanul.ro\/stiri\/wp-json\/wp\/v2\/comments?post=95738"}],"version-history":[{"count":0,"href":"https:\/\/www.giurgiuveanul.ro\/stiri\/wp-json\/wp\/v2\/posts\/95738\/revisions"}],"wp:attachment":[{"href":"https:\/\/www.giurgiuveanul.ro\/stiri\/wp-json\/wp\/v2\/media?parent=95738"}],"wp:term":[{"taxonomy":"category","embeddable":true,"href":"https:\/\/www.giurgiuveanul.ro\/stiri\/wp-json\/wp\/v2\/categories?post=95738"},{"taxonomy":"post_tag","embeddable":true,"href":"https:\/\/www.giurgiuveanul.ro\/stiri\/wp-json\/wp\/v2\/tags?post=95738"}],"curies":[{"name":"wp","href":"https:\/\/api.w.org\/{rel}","templated":true}]}}