{"id":95744,"date":"2023-02-17T15:21:40","date_gmt":"2023-02-17T13:21:40","guid":{"rendered":"https:\/\/www.giurgiuveanul.ro\/stiri\/?p=95744"},"modified":"2023-02-17T15:21:40","modified_gmt":"2023-02-17T13:21:40","slug":"giurgiuvean-cercetat-pentru-infractiuni-la-regimul-rutier","status":"publish","type":"post","link":"https:\/\/www.giurgiuveanul.ro\/stiri\/giurgiuvean-cercetat-pentru-infractiuni-la-regimul-rutier\/","title":{"rendered":"Giurgiuvean cercetat pentru infrac\u021biuni la regimul rutier"},"content":{"rendered":"<p style=\"text-align: justify;\"><strong><a href=\"https:\/\/www.giurgiuveanul.ro\/stiri\/wp-content\/uploads\/2023\/02\/politie-c-900x675-1.jpg\"><img loading=\"lazy\" decoding=\"async\" class=\"aligncenter  wp-image-95552\" src=\"https:\/\/www.giurgiuveanul.ro\/stiri\/wp-content\/uploads\/2023\/02\/politie-c-900x675-1-560x420.jpg\" alt=\"\" width=\"575\" height=\"431\" srcset=\"https:\/\/www.giurgiuveanul.ro\/stiri\/wp-content\/uploads\/2023\/02\/politie-c-900x675-1-560x420.jpg 560w, https:\/\/www.giurgiuveanul.ro\/stiri\/wp-content\/uploads\/2023\/02\/politie-c-900x675-1-250x188.jpg 250w, https:\/\/www.giurgiuveanul.ro\/stiri\/wp-content\/uploads\/2023\/02\/politie-c-900x675-1-768x576.jpg 768w, https:\/\/www.giurgiuveanul.ro\/stiri\/wp-content\/uploads\/2023\/02\/politie-c-900x675-1-400x300.jpg 400w, https:\/\/www.giurgiuveanul.ro\/stiri\/wp-content\/uploads\/2023\/02\/politie-c-900x675-1.jpg 900w\" sizes=\"auto, (max-width: 575px) 100vw, 575px\" \/><\/a>Poli\u021bi\u0219tii din cadrul I.P.J. Giurgiu, \u00een timp ce<!--more--> se aflau \u00een exercitarea atribu\u021biilor de serviciu, \u00een ora\u0219ul Mih\u0103ile\u0219ti, jude\u021bul Giurgiu au depistat, la data de 15 februarie a.c., ora 21.45, \u00a0un b\u0103rbat, de 52 ani, din localitatea Ghimpa\u021bi, \u00een timp ce conducea un autoturism, av\u00e2nd dreptul de a conduce anulat.<\/strong><\/p>\n<p style=\"text-align: justify;\">\n<p style=\"text-align: justify;\">Fiind efectuate verific\u0103ri \u00een baza de date, s-a stabilit faptul c\u0103 vehiculul condus avea autoriza\u021bia de circula\u021bie provizorie expirat\u0103 din data de 30 septembrie 2020.<\/p>\n<p style=\"text-align: justify;\">\n<p style=\"text-align: justify;\">\u00cen cauz\u0103, a fost \u00eentocmit dosar penal sub aspectul s\u0103v\u00e2r\u0219irii infrac\u021biunilor de conducerea pe drumurile publice a unui autovehicul de c\u0103tre o persoan\u0103 al c\u0103rei permis de conducere i-a fost anulat \u0219i conducerea pe drumurile publice a unui autovehicul ne\u00eenmatriculat.<\/p>\n<p style=\"text-align: justify;\">\n<p style=\"text-align: justify;\">La data de 16 februarie a.c., pe baza probatoriului administrat, sub coordonarea procurorului din cadrul Parchetului de pe l\u00e2ng\u0103 Judec\u0103toria Bolintin Vale, b\u0103rbatul a fost re\u021binut, pentru 24 de ore \u0219i introdus \u00een Centrul de Re\u021binere \u0219i Arestare Preventiv\u0103 Giurgiu.<\/p>\n<p style=\"text-align: justify;\">\n<p style=\"text-align: justify;\">Ast\u0103zi, 17 februarie a.c., procurorul de caz a dispus fa\u021b\u0103 de acesta m\u0103sura controlului judiciar, pentru 60 de zile.<\/p>\n","protected":false},"excerpt":{"rendered":"<p>Poli\u021bi\u0219tii din cadrul I.P.J. Giurgiu, \u00een timp ce<\/p>\n","protected":false},"author":1,"featured_media":0,"comment_status":"open","ping_status":"open","sticky":false,"template":"","format":"standard","meta":{"footnotes":""},"categories":[6],"tags":[],"class_list":["post-95744","post","type-post","status-publish","format-standard","hentry","category-breaking-news"],"_links":{"self":[{"href":"https:\/\/www.giurgiuveanul.ro\/stiri\/wp-json\/wp\/v2\/posts\/95744","targetHints":{"allow":["GET"]}}],"collection":[{"href":"https:\/\/www.giurgiuveanul.ro\/stiri\/wp-json\/wp\/v2\/posts"}],"about":[{"href":"https:\/\/www.giurgiuveanul.ro\/stiri\/wp-json\/wp\/v2\/types\/post"}],"author":[{"embeddable":true,"href":"https:\/\/www.giurgiuveanul.ro\/stiri\/wp-json\/wp\/v2\/users\/1"}],"replies":[{"embeddable":true,"href":"https:\/\/www.giurgiuveanul.ro\/stiri\/wp-json\/wp\/v2\/comments?post=95744"}],"version-history":[{"count":0,"href":"https:\/\/www.giurgiuveanul.ro\/stiri\/wp-json\/wp\/v2\/posts\/95744\/revisions"}],"wp:attachment":[{"href":"https:\/\/www.giurgiuveanul.ro\/stiri\/wp-json\/wp\/v2\/media?parent=95744"}],"wp:term":[{"taxonomy":"category","embeddable":true,"href":"https:\/\/www.giurgiuveanul.ro\/stiri\/wp-json\/wp\/v2\/categories?post=95744"},{"taxonomy":"post_tag","embeddable":true,"href":"https:\/\/www.giurgiuveanul.ro\/stiri\/wp-json\/wp\/v2\/tags?post=95744"}],"curies":[{"name":"wp","href":"https:\/\/api.w.org\/{rel}","templated":true}]}}