{"id":95752,"date":"2023-02-18T10:12:37","date_gmt":"2023-02-18T08:12:37","guid":{"rendered":"https:\/\/www.giurgiuveanul.ro\/stiri\/?p=95752"},"modified":"2023-02-18T10:12:37","modified_gmt":"2023-02-18T08:12:37","slug":"cetatean-bulgar-depistat-la-volan-in-trafic-fara-permis-de-conducere","status":"publish","type":"post","link":"https:\/\/www.giurgiuveanul.ro\/stiri\/cetatean-bulgar-depistat-la-volan-in-trafic-fara-permis-de-conducere\/","title":{"rendered":"Cet\u0103\u0163ean bulgar depistat la volan, \u00een trafic, f\u0103r\u0103 permis de conducere"},"content":{"rendered":"<p style=\"text-align: justify;\"><a href=\"https:\/\/www.giurgiuveanul.ro\/stiri\/wp-content\/uploads\/2022\/07\/control-trafic-politie-2.jpg\"><img loading=\"lazy\" decoding=\"async\" class=\"aligncenter  wp-image-91341\" src=\"https:\/\/www.giurgiuveanul.ro\/stiri\/wp-content\/uploads\/2022\/07\/control-trafic-politie-2-560x380.jpg\" alt=\"\" width=\"573\" height=\"389\" srcset=\"https:\/\/www.giurgiuveanul.ro\/stiri\/wp-content\/uploads\/2022\/07\/control-trafic-politie-2-560x380.jpg 560w, https:\/\/www.giurgiuveanul.ro\/stiri\/wp-content\/uploads\/2022\/07\/control-trafic-politie-2-250x170.jpg 250w, https:\/\/www.giurgiuveanul.ro\/stiri\/wp-content\/uploads\/2022\/07\/control-trafic-politie-2-768x521.jpg 768w, https:\/\/www.giurgiuveanul.ro\/stiri\/wp-content\/uploads\/2022\/07\/control-trafic-politie-2-400x272.jpg 400w, https:\/\/www.giurgiuveanul.ro\/stiri\/wp-content\/uploads\/2022\/07\/control-trafic-politie-2.jpg 800w\" sizes=\"auto, (max-width: 573px) 100vw, 573px\" \/><\/a>Poli\u021bi\u0219tii din cadrul<!--more--> Sec\u021biei de Poli\u021bie Rural\u0103 nr. 1 C\u0103lug\u0103reni au depistat, azi-noapte, la ora 23.30, \u00a0\u00een localitatea C\u0103lug\u0103reni, un b\u0103rbat, de 38 ani, din Republica Bulgaria, \u00een timp ce conducea un autoturism, f\u0103r\u0103 a poseda permis de conducere pentru nicio categorie de vehicule.<\/p>\n<p style=\"text-align: justify;\">\u00cen cauz\u0103, a fost \u00eentocmit un <strong>dosar penal sub aspectul s\u0103v\u00e2r\u0219irii infrac\u0163iunii de conducerea unui vehicul f\u0103r\u0103 a poseda permis de conducere<\/strong>.<\/p>\n","protected":false},"excerpt":{"rendered":"<p>Poli\u021bi\u0219tii din cadrul<\/p>\n","protected":false},"author":1,"featured_media":0,"comment_status":"open","ping_status":"open","sticky":false,"template":"","format":"standard","meta":{"footnotes":""},"categories":[6],"tags":[],"class_list":["post-95752","post","type-post","status-publish","format-standard","hentry","category-breaking-news"],"_links":{"self":[{"href":"https:\/\/www.giurgiuveanul.ro\/stiri\/wp-json\/wp\/v2\/posts\/95752","targetHints":{"allow":["GET"]}}],"collection":[{"href":"https:\/\/www.giurgiuveanul.ro\/stiri\/wp-json\/wp\/v2\/posts"}],"about":[{"href":"https:\/\/www.giurgiuveanul.ro\/stiri\/wp-json\/wp\/v2\/types\/post"}],"author":[{"embeddable":true,"href":"https:\/\/www.giurgiuveanul.ro\/stiri\/wp-json\/wp\/v2\/users\/1"}],"replies":[{"embeddable":true,"href":"https:\/\/www.giurgiuveanul.ro\/stiri\/wp-json\/wp\/v2\/comments?post=95752"}],"version-history":[{"count":0,"href":"https:\/\/www.giurgiuveanul.ro\/stiri\/wp-json\/wp\/v2\/posts\/95752\/revisions"}],"wp:attachment":[{"href":"https:\/\/www.giurgiuveanul.ro\/stiri\/wp-json\/wp\/v2\/media?parent=95752"}],"wp:term":[{"taxonomy":"category","embeddable":true,"href":"https:\/\/www.giurgiuveanul.ro\/stiri\/wp-json\/wp\/v2\/categories?post=95752"},{"taxonomy":"post_tag","embeddable":true,"href":"https:\/\/www.giurgiuveanul.ro\/stiri\/wp-json\/wp\/v2\/tags?post=95752"}],"curies":[{"name":"wp","href":"https:\/\/api.w.org\/{rel}","templated":true}]}}