{"id":95765,"date":"2023-02-18T15:45:09","date_gmt":"2023-02-18T13:45:09","guid":{"rendered":"https:\/\/www.giurgiuveanul.ro\/stiri\/?p=95765"},"modified":"2023-02-18T15:46:03","modified_gmt":"2023-02-18T13:46:03","slug":"atentie-lucrari-de-reabilitare-modernizare-ale-carosabilului-si-trotuarelor-pe-strada-unirii-in-municipiul-giurgiu","status":"publish","type":"post","link":"https:\/\/www.giurgiuveanul.ro\/stiri\/atentie-lucrari-de-reabilitare-modernizare-ale-carosabilului-si-trotuarelor-pe-strada-unirii-in-municipiul-giurgiu\/","title":{"rendered":"ATEN\u0162IE! Lucr\u0103ri de reabilitare\/modernizare ale carosabilului \u0219i trotuarelor pe strada Unirii, \u00een municipiul Giurgiu"},"content":{"rendered":"<p style=\"text-align: justify;\"><strong><a href=\"https:\/\/www.giurgiuveanul.ro\/stiri\/wp-content\/uploads\/2023\/02\/331515593_690059559579582_5134833344745969827_n.jpg\"><img loading=\"lazy\" decoding=\"async\" class=\"aligncenter wp-image-95766\" src=\"https:\/\/www.giurgiuveanul.ro\/stiri\/wp-content\/uploads\/2023\/02\/331515593_690059559579582_5134833344745969827_n-560x377.jpg\" alt=\"\" width=\"581\" height=\"391\" srcset=\"https:\/\/www.giurgiuveanul.ro\/stiri\/wp-content\/uploads\/2023\/02\/331515593_690059559579582_5134833344745969827_n-560x377.jpg 560w, https:\/\/www.giurgiuveanul.ro\/stiri\/wp-content\/uploads\/2023\/02\/331515593_690059559579582_5134833344745969827_n-250x168.jpg 250w, https:\/\/www.giurgiuveanul.ro\/stiri\/wp-content\/uploads\/2023\/02\/331515593_690059559579582_5134833344745969827_n-768x517.jpg 768w, https:\/\/www.giurgiuveanul.ro\/stiri\/wp-content\/uploads\/2023\/02\/331515593_690059559579582_5134833344745969827_n-400x269.jpg 400w, https:\/\/www.giurgiuveanul.ro\/stiri\/wp-content\/uploads\/2023\/02\/331515593_690059559579582_5134833344745969827_n.jpg 1200w\" sizes=\"auto, (max-width: 581px) 100vw, 581px\" \/><\/a>\u00cencep\u00e2nd cu data de<!--more--> 20 februarie 2023 vor fi executate lucr\u0103ri de reabilitare\/modernizare ale carosabilului \u0219i trotuarelor pe strada Unirii, pe tronsonul de drum cuprins \u00eentre sensul giratoriu adiacent Hotel Steaua Dun\u0103rii \u0219i intersec\u021bia cu bulevardul Miron Nicolescu.<\/strong><\/p>\n<p style=\"text-align: justify;\">Lucr\u0103rile fac parte din proiectul <strong>&#8222;Modernizarea infrastructurii de transport public \u00een zona Estic\u0103 a municipiului Giurgiu&#8221;<\/strong>.<\/p>\n<p><a href=\"https:\/\/www.giurgiuveanul.ro\/stiri\/wp-content\/uploads\/2023\/02\/331783828_3359038894360448_1661819482416456795_n.jpg\"><img loading=\"lazy\" decoding=\"async\" class=\"aligncenter  wp-image-95769\" src=\"https:\/\/www.giurgiuveanul.ro\/stiri\/wp-content\/uploads\/2023\/02\/331783828_3359038894360448_1661819482416456795_n-560x376.jpg\" alt=\"\" width=\"576\" height=\"387\" srcset=\"https:\/\/www.giurgiuveanul.ro\/stiri\/wp-content\/uploads\/2023\/02\/331783828_3359038894360448_1661819482416456795_n-560x376.jpg 560w, https:\/\/www.giurgiuveanul.ro\/stiri\/wp-content\/uploads\/2023\/02\/331783828_3359038894360448_1661819482416456795_n-250x168.jpg 250w, https:\/\/www.giurgiuveanul.ro\/stiri\/wp-content\/uploads\/2023\/02\/331783828_3359038894360448_1661819482416456795_n-768x516.jpg 768w, https:\/\/www.giurgiuveanul.ro\/stiri\/wp-content\/uploads\/2023\/02\/331783828_3359038894360448_1661819482416456795_n-400x269.jpg 400w, https:\/\/www.giurgiuveanul.ro\/stiri\/wp-content\/uploads\/2023\/02\/331783828_3359038894360448_1661819482416456795_n.jpg 1200w\" sizes=\"auto, (max-width: 576px) 100vw, 576px\" \/><\/a><\/p>\n<p style=\"text-align: justify;\">\u00cen vederea devierii traficului rutier a fost identificat\u0103 o rut\u0103 ocolitoare, singura op\u021biune agreat\u0103 de organele competente, astfel c\u0103, vor exista <strong>restric\u021bii de circula\u021bie pe strada 1 Decembrie 1918, la intersec\u021bia (sensul giratoriu) cu bulevardul Mihai Viteazul \u0219i strada Vlad \u021aepe\u0219<\/strong>.<\/p>\n<p style=\"text-align: justify;\">Prim\u0103ria municipiului Giurgiu face apel la \u00een\u021belegere din partea participan\u021bilor la traficul rutier, precum \u0219i la to\u021bi cet\u0103\u021benii, pentru disconfortul creat \u00een toat\u0103 aceast\u0103 perioad\u0103, estimat\u0103 fiind 30 de zile.<\/p>\n","protected":false},"excerpt":{"rendered":"<p>\u00cencep\u00e2nd cu data de<\/p>\n","protected":false},"author":1,"featured_media":0,"comment_status":"open","ping_status":"open","sticky":false,"template":"","format":"standard","meta":{"footnotes":""},"categories":[6],"tags":[],"class_list":["post-95765","post","type-post","status-publish","format-standard","hentry","category-breaking-news"],"_links":{"self":[{"href":"https:\/\/www.giurgiuveanul.ro\/stiri\/wp-json\/wp\/v2\/posts\/95765","targetHints":{"allow":["GET"]}}],"collection":[{"href":"https:\/\/www.giurgiuveanul.ro\/stiri\/wp-json\/wp\/v2\/posts"}],"about":[{"href":"https:\/\/www.giurgiuveanul.ro\/stiri\/wp-json\/wp\/v2\/types\/post"}],"author":[{"embeddable":true,"href":"https:\/\/www.giurgiuveanul.ro\/stiri\/wp-json\/wp\/v2\/users\/1"}],"replies":[{"embeddable":true,"href":"https:\/\/www.giurgiuveanul.ro\/stiri\/wp-json\/wp\/v2\/comments?post=95765"}],"version-history":[{"count":0,"href":"https:\/\/www.giurgiuveanul.ro\/stiri\/wp-json\/wp\/v2\/posts\/95765\/revisions"}],"wp:attachment":[{"href":"https:\/\/www.giurgiuveanul.ro\/stiri\/wp-json\/wp\/v2\/media?parent=95765"}],"wp:term":[{"taxonomy":"category","embeddable":true,"href":"https:\/\/www.giurgiuveanul.ro\/stiri\/wp-json\/wp\/v2\/categories?post=95765"},{"taxonomy":"post_tag","embeddable":true,"href":"https:\/\/www.giurgiuveanul.ro\/stiri\/wp-json\/wp\/v2\/tags?post=95765"}],"curies":[{"name":"wp","href":"https:\/\/api.w.org\/{rel}","templated":true}]}}