{"id":95771,"date":"2023-02-18T16:13:32","date_gmt":"2023-02-18T14:13:32","guid":{"rendered":"https:\/\/www.giurgiuveanul.ro\/stiri\/?p=95771"},"modified":"2023-02-18T16:13:32","modified_gmt":"2023-02-18T14:13:32","slug":"giurgiuvean-cercetat-pentru-savarsirea-infractiunii-de-uciderea-animalelor-cu-intentie-fara-drept","status":"publish","type":"post","link":"https:\/\/www.giurgiuveanul.ro\/stiri\/giurgiuvean-cercetat-pentru-savarsirea-infractiunii-de-uciderea-animalelor-cu-intentie-fara-drept\/","title":{"rendered":"Giurgiuvean cercetat pentru s\u0103v\u00e2r\u0219irea infrac\u021biunii de uciderea animalelor cu inten\u021bie, f\u0103r\u0103 drept"},"content":{"rendered":"<p style=\"text-align: justify;\"><strong><a href=\"https:\/\/www.giurgiuveanul.ro\/stiri\/wp-content\/uploads\/2023\/02\/images.jpg\"><img loading=\"lazy\" decoding=\"async\" class=\"aligncenter  wp-image-95772\" src=\"https:\/\/www.giurgiuveanul.ro\/stiri\/wp-content\/uploads\/2023\/02\/images-560x319.jpg\" alt=\"\" width=\"569\" height=\"324\" srcset=\"https:\/\/www.giurgiuveanul.ro\/stiri\/wp-content\/uploads\/2023\/02\/images-560x319.jpg 560w, https:\/\/www.giurgiuveanul.ro\/stiri\/wp-content\/uploads\/2023\/02\/images-250x143.jpg 250w, https:\/\/www.giurgiuveanul.ro\/stiri\/wp-content\/uploads\/2023\/02\/images-400x228.jpg 400w, https:\/\/www.giurgiuveanul.ro\/stiri\/wp-content\/uploads\/2023\/02\/images.jpg 700w\" sizes=\"auto, (max-width: 569px) 100vw, 569px\" \/><\/a>La data de<!--more--> 17 februarie a.c, poli\u021bi\u0219tii Biroului pentru Protec\u021bia Animalelor au fost sesiza\u021bi direct, de c\u0103tre un b\u0103rbat, din comuna B\u0103neasa, jude\u021bul Giurgiu, cu privire la faptul c\u0103 o persoan\u0103, din aceea\u0219i localitate ar fi abandonat o cabalin\u0103, \u00een extravilanul localit\u0103\u021bii Gostinu, jude\u021bul Giurgiu.<\/strong><\/p>\n<p style=\"text-align: justify;\">\u00cen temeiul sesiz\u0103rii, la fa\u021ba locului s-au deplasat poli\u021bi\u0219tii, care au identificat o cabalin\u0103, de culoare alb\u0103, aflat\u0103 \u00eentr-o stare precar\u0103 de s\u0103n\u0103tate, neav\u00e2nd urme vizibile de violen\u021b\u0103.<\/p>\n<p style=\"text-align: justify;\">S-a procedat la ad\u0103postirea temporar\u0103 a cabalinei, p\u00e2n\u0103 la preluarea acesteia de c\u0103tre o asocia\u021bie din jude\u021bul Prahova.<\/p>\n<p style=\"text-align: justify;\">\u00cen diminea\u021ba zilei de 18 februarie a.c., poli\u021bi\u0219tii Biroului pentru Protec\u021bia Animalelor au fost sesiza\u021bi de c\u0103tre un reprezentant al Prim\u0103riei Gostinu, despre faptul c\u0103 animalul a fost g\u0103sit decedat.<\/p>\n<p style=\"text-align: justify;\">\u00cen urma cercet\u0103rilor efectuate, poli\u021bi\u0219tii au identificat proprietarul animalului, ca fiind un b\u0103rbat de 37 de ani, din comuna B\u0103neasa, jude\u021bul Giurgiu.<\/p>\n<p style=\"text-align: justify;\">\u00cen cauz\u0103, cercet\u0103rile sunt continuate sub aspectul s\u0103v\u00e2r\u0219irii infrac\u021biunii de uciderea animalelor cu inten\u021bie, f\u0103r\u0103 drept.<\/p>\n","protected":false},"excerpt":{"rendered":"<p>La data de<\/p>\n","protected":false},"author":1,"featured_media":0,"comment_status":"open","ping_status":"open","sticky":false,"template":"","format":"standard","meta":{"footnotes":""},"categories":[6],"tags":[],"class_list":["post-95771","post","type-post","status-publish","format-standard","hentry","category-breaking-news"],"_links":{"self":[{"href":"https:\/\/www.giurgiuveanul.ro\/stiri\/wp-json\/wp\/v2\/posts\/95771","targetHints":{"allow":["GET"]}}],"collection":[{"href":"https:\/\/www.giurgiuveanul.ro\/stiri\/wp-json\/wp\/v2\/posts"}],"about":[{"href":"https:\/\/www.giurgiuveanul.ro\/stiri\/wp-json\/wp\/v2\/types\/post"}],"author":[{"embeddable":true,"href":"https:\/\/www.giurgiuveanul.ro\/stiri\/wp-json\/wp\/v2\/users\/1"}],"replies":[{"embeddable":true,"href":"https:\/\/www.giurgiuveanul.ro\/stiri\/wp-json\/wp\/v2\/comments?post=95771"}],"version-history":[{"count":0,"href":"https:\/\/www.giurgiuveanul.ro\/stiri\/wp-json\/wp\/v2\/posts\/95771\/revisions"}],"wp:attachment":[{"href":"https:\/\/www.giurgiuveanul.ro\/stiri\/wp-json\/wp\/v2\/media?parent=95771"}],"wp:term":[{"taxonomy":"category","embeddable":true,"href":"https:\/\/www.giurgiuveanul.ro\/stiri\/wp-json\/wp\/v2\/categories?post=95771"},{"taxonomy":"post_tag","embeddable":true,"href":"https:\/\/www.giurgiuveanul.ro\/stiri\/wp-json\/wp\/v2\/tags?post=95771"}],"curies":[{"name":"wp","href":"https:\/\/api.w.org\/{rel}","templated":true}]}}