{"id":95774,"date":"2023-02-19T12:41:45","date_gmt":"2023-02-19T10:41:45","guid":{"rendered":"https:\/\/www.giurgiuveanul.ro\/stiri\/?p=95774"},"modified":"2023-02-19T12:41:45","modified_gmt":"2023-02-19T10:41:45","slug":"ipj-giurgiu-actiune-pentru-mentinerea-unui-climat-optim-de-siguranta-publica-azi-noapte","status":"publish","type":"post","link":"https:\/\/www.giurgiuveanul.ro\/stiri\/ipj-giurgiu-actiune-pentru-mentinerea-unui-climat-optim-de-siguranta-publica-azi-noapte\/","title":{"rendered":"IPJ Giurgiu. Ac\u021biune pentru men\u021binerea unui climat optim de siguran\u021b\u0103 public\u0103, azi-noapte"},"content":{"rendered":"<p style=\"text-align: justify;\"><strong><a href=\"https:\/\/www.giurgiuveanul.ro\/stiri\/wp-content\/uploads\/2023\/01\/politie-noaptea.jpg\"><img loading=\"lazy\" decoding=\"async\" class=\"aligncenter  wp-image-94653\" src=\"https:\/\/www.giurgiuveanul.ro\/stiri\/wp-content\/uploads\/2023\/01\/politie-noaptea-560x396.jpg\" alt=\"\" width=\"580\" height=\"410\" srcset=\"https:\/\/www.giurgiuveanul.ro\/stiri\/wp-content\/uploads\/2023\/01\/politie-noaptea-560x396.jpg 560w, https:\/\/www.giurgiuveanul.ro\/stiri\/wp-content\/uploads\/2023\/01\/politie-noaptea-250x177.jpg 250w, https:\/\/www.giurgiuveanul.ro\/stiri\/wp-content\/uploads\/2023\/01\/politie-noaptea-768x542.jpg 768w, https:\/\/www.giurgiuveanul.ro\/stiri\/wp-content\/uploads\/2023\/01\/politie-noaptea-400x283.jpg 400w, https:\/\/www.giurgiuveanul.ro\/stiri\/wp-content\/uploads\/2023\/01\/politie-noaptea.jpg 800w\" sizes=\"auto, (max-width: 580px) 100vw, 580px\" \/><\/a>\u00cen noaptea de 18\/19 februarie a.c., poli\u021bi\u0219tii Serviciului de Ordine Public\u0103, \u00eempreun\u0103 cu cei ai Serviciului Ac\u021biuni Speciale,<!--more--> Poli\u021biei Ora\u0219ului Bolintin Vale \u0219i ai sec\u021biilor de poli\u021bie rural\u0103 nr.3 Bolintin Vale, 6 Mih\u0103ile\u0219ti \u0219i 8 Roata de Jos au desf\u0103\u0219urat, \u00een zona de competent\u0103, o ac\u021biune pentru prevenirea actelor \u0219i faptelor antisociale, a evenimentelor rutiere \u0219i depistarea conduc\u0103torilor auto care conduc sub influen\u021ba b\u0103uturilor alcoolice sau a substan\u021belor psihoactive.<\/strong><\/p>\n<p style=\"text-align: justify;\">\n<p style=\"text-align: justify;\">Pe parcursul desf\u0103\u0219ur\u0103rii ac\u021biunii, au fost aplicate 69 de sanc\u021biuni contraven\u021bionale, \u00een valoare total\u0103 de 63.065 de lei, dintre care 45 pentru \u00eenc\u0103lcarea prevederilor O.U.G. 195\/2002 \u0219i 16 pentru nerespectarea prevederilor Legii 61\/1991 pentru sanc\u021bionarea faptelor de \u00eenc\u0103lcare a unor norme de convie\u021buire social\u0103, a ordinii \u0219i lini\u0219tii publice.<\/p>\n<p style=\"text-align: justify;\">\n<p style=\"text-align: justify;\">Au fost legitimate 210 persoane, verificate 130 de autovehicule \u0219i efectuate 20 de test\u0103ri cu aparatul etilotest \u0219i 5 cu aparatul drugtest.<\/p>\n<p style=\"text-align: justify;\">\n<p style=\"text-align: justify;\">\u00cen perioada de referin\u021b\u0103, poli\u021bi\u0219tii au re\u021binut dou\u0103 permise de conducere, au retras un certificat de \u00eenmatriculare \u0219i au verificat 20 de societ\u0103\u021bi comerciale.<\/p>\n<p style=\"text-align: justify;\">\n<p style=\"text-align: justify;\">De asemenea, a fost constatat\u0103 \u00een flagrant delict o infrac\u021biune la regimul rutier:<\/p>\n<p style=\"text-align: justify;\">\n<p style=\"text-align: justify;\">La data de 18 februarie a.c., D.J.401A, \u00een localitatea C\u0103rpeni\u0219u, jude\u021bul Giurgiu, a fost depistat un b\u0103rbat, de 35 de ani, din comuna Gura Ocni\u021bei, jude\u021bul D\u00e2mbovi\u021ba, \u00een timp ce conducea un autoturism, f\u0103r\u0103 a poseda permis de conducere.<\/p>\n<p style=\"text-align: justify;\">\n<p style=\"text-align: justify;\">\u00cen cauz\u0103, a fost \u00eentocmit un dosar penal, \u00een care sunt continuate cercet\u0103rile, sub aspectul s\u0103v\u00e2r\u0219irii infrac\u021biunii de conducerea unui vehicul pe drumurile publice f\u0103r\u0103 a poseda permis de conducere.<\/p>\n","protected":false},"excerpt":{"rendered":"<p>\u00cen noaptea de 18\/19 februarie a.c., poli\u021bi\u0219tii Serviciului de Ordine Public\u0103, \u00eempreun\u0103 cu cei ai Serviciului Ac\u021biuni Speciale,<\/p>\n","protected":false},"author":1,"featured_media":0,"comment_status":"open","ping_status":"open","sticky":false,"template":"","format":"standard","meta":{"footnotes":""},"categories":[6],"tags":[],"class_list":["post-95774","post","type-post","status-publish","format-standard","hentry","category-breaking-news"],"_links":{"self":[{"href":"https:\/\/www.giurgiuveanul.ro\/stiri\/wp-json\/wp\/v2\/posts\/95774","targetHints":{"allow":["GET"]}}],"collection":[{"href":"https:\/\/www.giurgiuveanul.ro\/stiri\/wp-json\/wp\/v2\/posts"}],"about":[{"href":"https:\/\/www.giurgiuveanul.ro\/stiri\/wp-json\/wp\/v2\/types\/post"}],"author":[{"embeddable":true,"href":"https:\/\/www.giurgiuveanul.ro\/stiri\/wp-json\/wp\/v2\/users\/1"}],"replies":[{"embeddable":true,"href":"https:\/\/www.giurgiuveanul.ro\/stiri\/wp-json\/wp\/v2\/comments?post=95774"}],"version-history":[{"count":0,"href":"https:\/\/www.giurgiuveanul.ro\/stiri\/wp-json\/wp\/v2\/posts\/95774\/revisions"}],"wp:attachment":[{"href":"https:\/\/www.giurgiuveanul.ro\/stiri\/wp-json\/wp\/v2\/media?parent=95774"}],"wp:term":[{"taxonomy":"category","embeddable":true,"href":"https:\/\/www.giurgiuveanul.ro\/stiri\/wp-json\/wp\/v2\/categories?post=95774"},{"taxonomy":"post_tag","embeddable":true,"href":"https:\/\/www.giurgiuveanul.ro\/stiri\/wp-json\/wp\/v2\/tags?post=95774"}],"curies":[{"name":"wp","href":"https:\/\/api.w.org\/{rel}","templated":true}]}}