{"id":95776,"date":"2023-02-19T13:37:13","date_gmt":"2023-02-19T11:37:13","guid":{"rendered":"https:\/\/www.giurgiuveanul.ro\/stiri\/?p=95776"},"modified":"2023-02-19T13:37:13","modified_gmt":"2023-02-19T11:37:13","slug":"subofiterul-marius-matei-salvator-in-cadrul-isu-giurgiu-salvator-si-in-timpul-liber-felicitari","status":"publish","type":"post","link":"https:\/\/www.giurgiuveanul.ro\/stiri\/subofiterul-marius-matei-salvator-in-cadrul-isu-giurgiu-salvator-si-in-timpul-liber-felicitari\/","title":{"rendered":"Subofi\u0163erul Marius Matei, salvator \u00een cadrul ISU Giurgiu, salvator \u015fi \u00een timpul liber! Felicit\u0103ri!"},"content":{"rendered":"<p style=\"text-align: justify;\"><a href=\"https:\/\/www.giurgiuveanul.ro\/stiri\/wp-content\/uploads\/2023\/02\/Subofiterul-marius-matei-Giurgiuveanul.jpg\"><img loading=\"lazy\" decoding=\"async\" class=\"aligncenter  wp-image-95777\" src=\"https:\/\/www.giurgiuveanul.ro\/stiri\/wp-content\/uploads\/2023\/02\/Subofiterul-marius-matei-Giurgiuveanul-485x450.jpg\" alt=\"\" width=\"576\" height=\"534\" srcset=\"https:\/\/www.giurgiuveanul.ro\/stiri\/wp-content\/uploads\/2023\/02\/Subofiterul-marius-matei-Giurgiuveanul-485x450.jpg 485w, https:\/\/www.giurgiuveanul.ro\/stiri\/wp-content\/uploads\/2023\/02\/Subofiterul-marius-matei-Giurgiuveanul-250x232.jpg 250w, https:\/\/www.giurgiuveanul.ro\/stiri\/wp-content\/uploads\/2023\/02\/Subofiterul-marius-matei-Giurgiuveanul-768x713.jpg 768w, https:\/\/www.giurgiuveanul.ro\/stiri\/wp-content\/uploads\/2023\/02\/Subofiterul-marius-matei-Giurgiuveanul-400x371.jpg 400w, https:\/\/www.giurgiuveanul.ro\/stiri\/wp-content\/uploads\/2023\/02\/Subofiterul-marius-matei-Giurgiuveanul.jpg 1078w\" sizes=\"auto, (max-width: 576px) 100vw, 576px\" \/><\/a>Marius abia intrase \u00een<!--more--> parcarea unui supermarket. A cobor\u00e2t din autoturism \u0219i chiar \u00een acel moment a auzit un zgomot \u0219i pe cineva strig\u00e2nd: \u201eAjutor! Suna\u021bi la 112!\u201d<\/p>\n<p style=\"text-align: justify;\">O femeie era c\u0103zut\u0103 la p\u0103m\u00e2nt. Un \u0219ofer a acro\u0219at-o cu ma\u0219ina.<\/p>\n<p style=\"text-align: justify;\">Marius a mers imediat l\u00e2ng\u0103 ea pentru a vedea unde este r\u0103nit\u0103, iar oamenii din jur au sunat la 112.<\/p>\n<p style=\"text-align: justify;\"><em>\u201eSunt pompier. Vreau s\u0103 v\u0103 ajut.\u201d<\/em> &#8211; i-a spus Marius, \u00eencerc\u00e2nd s\u0103 o lini\u0219teasc\u0103.<\/p>\n<p style=\"text-align: justify;\">Aceasta acuza dureri \u00een zona \u0219oldului \u0219i era foarte important s\u0103 nu se mi\u0219te, pentru a nu-\u0219i agrava situa\u021bia. I-a imobilizat spatele \u0219i a r\u0103mas l\u00e2ng\u0103 ea p\u00e2n\u0103 la sosirea ambulan\u021bei.<\/p>\n<p style=\"text-align: justify;\">\u0218tia c\u0103 \u00een astfel de cazuri pacien\u021bii trebuie s\u0103 \u00ee\u0219i p\u0103streze calmul, iar faptul c\u0103 a vorbit cu un paramedic a ajutat-o foarte mult, pentru c\u0103 i-a dat \u00eencredere c\u0103 va trece cu bine peste acest eveniment nefericit.<\/p>\n<p style=\"text-align: justify;\">Marius \u0219i-a dorit dintotdeauna s\u0103 devin\u0103 pompier. Ne-a povestit c\u0103 se ghideaz\u0103 \u00een via\u021b\u0103 dup\u0103 motto-ul <em>&#8222;Binele se d\u0103 mai departe&#8221;,<\/em> iar prin interven\u021bia sa de asear\u0103 credem c\u0103 a reu\u0219it ce \u0219i-a propus.<\/p>\n<p style=\"text-align: justify;\">Subofi\u0163erul Marius Matei a absolvit \u0218coala de Subofi\u021beri de Pompieri \u0219i Protec\u021bie Civil\u0103 &#8222;Pavel Z\u0103g\u0103nescu&#8221; din Bolde\u0219ti, iar de doi ani este salvator \u00een cadrul ISU Giurgiu &#8211; Deta\u0219amentul de Pompieri Bolintin Deal.<\/p>\n<p style=\"text-align: justify;\"><em>Felicit\u0103ri, MARIUS MATEI! S\u0103 fii mereu al\u0103turi de cei afla\u021bi la nevoie!<\/em><\/p>\n","protected":false},"excerpt":{"rendered":"<p>Marius abia intrase \u00een<\/p>\n","protected":false},"author":1,"featured_media":0,"comment_status":"open","ping_status":"open","sticky":false,"template":"","format":"standard","meta":{"footnotes":""},"categories":[6],"tags":[],"class_list":["post-95776","post","type-post","status-publish","format-standard","hentry","category-breaking-news"],"_links":{"self":[{"href":"https:\/\/www.giurgiuveanul.ro\/stiri\/wp-json\/wp\/v2\/posts\/95776","targetHints":{"allow":["GET"]}}],"collection":[{"href":"https:\/\/www.giurgiuveanul.ro\/stiri\/wp-json\/wp\/v2\/posts"}],"about":[{"href":"https:\/\/www.giurgiuveanul.ro\/stiri\/wp-json\/wp\/v2\/types\/post"}],"author":[{"embeddable":true,"href":"https:\/\/www.giurgiuveanul.ro\/stiri\/wp-json\/wp\/v2\/users\/1"}],"replies":[{"embeddable":true,"href":"https:\/\/www.giurgiuveanul.ro\/stiri\/wp-json\/wp\/v2\/comments?post=95776"}],"version-history":[{"count":0,"href":"https:\/\/www.giurgiuveanul.ro\/stiri\/wp-json\/wp\/v2\/posts\/95776\/revisions"}],"wp:attachment":[{"href":"https:\/\/www.giurgiuveanul.ro\/stiri\/wp-json\/wp\/v2\/media?parent=95776"}],"wp:term":[{"taxonomy":"category","embeddable":true,"href":"https:\/\/www.giurgiuveanul.ro\/stiri\/wp-json\/wp\/v2\/categories?post=95776"},{"taxonomy":"post_tag","embeddable":true,"href":"https:\/\/www.giurgiuveanul.ro\/stiri\/wp-json\/wp\/v2\/tags?post=95776"}],"curies":[{"name":"wp","href":"https:\/\/api.w.org\/{rel}","templated":true}]}}