{"id":95811,"date":"2023-02-21T08:48:38","date_gmt":"2023-02-21T06:48:38","guid":{"rendered":"https:\/\/www.giurgiuveanul.ro\/stiri\/?p=95811"},"modified":"2023-02-21T08:48:49","modified_gmt":"2023-02-21T06:48:49","slug":"aseara-incendiu-violent-in-gospodaria-unei-familii-din-vieru-foto","status":"publish","type":"post","link":"https:\/\/www.giurgiuveanul.ro\/stiri\/aseara-incendiu-violent-in-gospodaria-unei-familii-din-vieru-foto\/","title":{"rendered":"Asear\u0103, INCENDIU VIOLENT \u00een gospod\u0103ria unei familii din VIERU (FOTO)"},"content":{"rendered":"<p style=\"text-align: justify;\"><strong><a href=\"https:\/\/www.giurgiuveanul.ro\/stiri\/wp-content\/uploads\/2023\/02\/WhatsApp-Image-2023-02-21-at-08.35.33-1.jpeg\"><img loading=\"lazy\" decoding=\"async\" class=\"aligncenter wp-image-95812\" src=\"https:\/\/www.giurgiuveanul.ro\/stiri\/wp-content\/uploads\/2023\/02\/WhatsApp-Image-2023-02-21-at-08.35.33-1-560x315.jpeg\" alt=\"\" width=\"578\" height=\"325\" srcset=\"https:\/\/www.giurgiuveanul.ro\/stiri\/wp-content\/uploads\/2023\/02\/WhatsApp-Image-2023-02-21-at-08.35.33-1-560x315.jpeg 560w, https:\/\/www.giurgiuveanul.ro\/stiri\/wp-content\/uploads\/2023\/02\/WhatsApp-Image-2023-02-21-at-08.35.33-1-250x141.jpeg 250w, https:\/\/www.giurgiuveanul.ro\/stiri\/wp-content\/uploads\/2023\/02\/WhatsApp-Image-2023-02-21-at-08.35.33-1-768x432.jpeg 768w, https:\/\/www.giurgiuveanul.ro\/stiri\/wp-content\/uploads\/2023\/02\/WhatsApp-Image-2023-02-21-at-08.35.33-1-1536x865.jpeg 1536w, https:\/\/www.giurgiuveanul.ro\/stiri\/wp-content\/uploads\/2023\/02\/WhatsApp-Image-2023-02-21-at-08.35.33-1-400x225.jpeg 400w, https:\/\/www.giurgiuveanul.ro\/stiri\/wp-content\/uploads\/2023\/02\/WhatsApp-Image-2023-02-21-at-08.35.33-1.jpeg 2048w\" sizes=\"auto, (max-width: 578px) 100vw, 578px\" \/><\/a>Un incendiu violent a<!--more--> izbucnit, asear\u0103, \u00een gospod\u0103ria unei familii din localitatea Vieru.<\/strong><\/p>\n<p style=\"text-align: justify;\">Proprietarul a v\u0103zut fumul dens \u0219i a reu\u0219it s\u0103 ias\u0103 la timp din cas\u0103. La fa\u021ba locului s-au deplasat pompierii din cadrul Deta\u0219amentului Giurgiu, cu dou\u0103 autospeciale de stingere cu ap\u0103 \u0219i spum\u0103, o cistern\u0103 \u0219i o ambulan\u021b\u0103 SMURD. Ace\u0219tia au constatat faptul c\u0103 incendiul se manifesta la o anex\u0103 \u0219i la o buc\u0103t\u0103rie de var\u0103, dar \u0219i la acoperi\u0219ul locuin\u021bei. Pompierii au intervenit astfel \u00eenc\u00e2t fl\u0103c\u0103rile s\u0103 nu se extind\u0103 la restul locuin\u021bei \u0219i au ac\u021bionat pentru stingerea incendiului.<\/p>\n<p style=\"text-align: justify;\">Au ars anexele pe o suprafa\u021b\u0103 aproximativ\u0103 de 40 mp,\u00a0 materiale de construc\u021bii depozitate \u00een interior, t\u00e2mpl\u0103rie PVC \u0219i acoperi\u0219ul casei pe o circa 40 mp.<\/p>\n<p style=\"text-align: justify;\">Cel mai probabil, incendiul a izbucnit din cauza jarului c\u0103zut dintr-o afum\u0103toare, care era amplasat\u0103 l\u00e2ng\u0103 materiale combustibile.<\/p>\n<p>&nbsp;<\/p>\n<p><span style=\"color: #ff0000;\"><strong>Informare preventiv\u0103<\/strong><\/span><\/p>\n<p>Pentru a preveni astfel de evenimente, recomand\u0103m respectarea urm\u0103toarelor m\u0103suri:<\/p>\n<p>&#8211; supraveghea\u021bi afum\u0103torile \u00een timpul function\u0103rii;<\/p>\n<p>&#8211; nu folosi\u0163i afum\u0103tori improvizate: pentru a le construi, trebuie utilizate c\u0103r\u0103mizi \u015fi materiale incombustibile;<\/p>\n<p>&#8211; amplasa\u021bi-le independent de celelalte construc\u0163ii din gospod\u0103rie;<\/p>\n<p>&#8211; nu a\u0219eza\u021bi afum\u0103torile \u00een magazii, poduri, remize, sub \u015foproane sau l\u00e2ng\u0103 materiale combustibile.<\/p>\n","protected":false},"excerpt":{"rendered":"<p>Un incendiu violent a<\/p>\n","protected":false},"author":1,"featured_media":0,"comment_status":"open","ping_status":"open","sticky":false,"template":"","format":"standard","meta":{"footnotes":""},"categories":[6],"tags":[],"class_list":["post-95811","post","type-post","status-publish","format-standard","hentry","category-breaking-news"],"_links":{"self":[{"href":"https:\/\/www.giurgiuveanul.ro\/stiri\/wp-json\/wp\/v2\/posts\/95811","targetHints":{"allow":["GET"]}}],"collection":[{"href":"https:\/\/www.giurgiuveanul.ro\/stiri\/wp-json\/wp\/v2\/posts"}],"about":[{"href":"https:\/\/www.giurgiuveanul.ro\/stiri\/wp-json\/wp\/v2\/types\/post"}],"author":[{"embeddable":true,"href":"https:\/\/www.giurgiuveanul.ro\/stiri\/wp-json\/wp\/v2\/users\/1"}],"replies":[{"embeddable":true,"href":"https:\/\/www.giurgiuveanul.ro\/stiri\/wp-json\/wp\/v2\/comments?post=95811"}],"version-history":[{"count":0,"href":"https:\/\/www.giurgiuveanul.ro\/stiri\/wp-json\/wp\/v2\/posts\/95811\/revisions"}],"wp:attachment":[{"href":"https:\/\/www.giurgiuveanul.ro\/stiri\/wp-json\/wp\/v2\/media?parent=95811"}],"wp:term":[{"taxonomy":"category","embeddable":true,"href":"https:\/\/www.giurgiuveanul.ro\/stiri\/wp-json\/wp\/v2\/categories?post=95811"},{"taxonomy":"post_tag","embeddable":true,"href":"https:\/\/www.giurgiuveanul.ro\/stiri\/wp-json\/wp\/v2\/tags?post=95811"}],"curies":[{"name":"wp","href":"https:\/\/api.w.org\/{rel}","templated":true}]}}