{"id":95820,"date":"2023-02-21T11:51:01","date_gmt":"2023-02-21T09:51:01","guid":{"rendered":"https:\/\/www.giurgiuveanul.ro\/stiri\/?p=95820"},"modified":"2023-02-21T11:51:32","modified_gmt":"2023-02-21T09:51:32","slug":"directoarea-liceului-tiu-dumitrescu-din-orasul-mihailesti-acuzata-de-ilegalitati-de-mai-multi-profesori-solicitam-interventia-isj-giurgiu","status":"publish","type":"post","link":"https:\/\/www.giurgiuveanul.ro\/stiri\/directoarea-liceului-tiu-dumitrescu-din-orasul-mihailesti-acuzata-de-ilegalitati-de-mai-multi-profesori-solicitam-interventia-isj-giurgiu\/","title":{"rendered":"Directoarea Liceului \u201dTiu Dumitrescu\u201d din ora\u0219ul Mih\u0103ile\u0219ti, acuzat\u0103 de ilegalit\u0103\u0163i de mai mul\u0163i profesori! Solicit\u0103m interven\u0163ia I\u015eJ Giurgiu"},"content":{"rendered":"<p style=\"text-align: justify;\"><strong><a href=\"https:\/\/www.giurgiuveanul.ro\/stiri\/wp-content\/uploads\/2023\/02\/descarcare.jpg\"><img loading=\"lazy\" decoding=\"async\" class=\"aligncenter wp-image-95821\" src=\"https:\/\/www.giurgiuveanul.ro\/stiri\/wp-content\/uploads\/2023\/02\/descarcare.jpg\" alt=\"\" width=\"580\" height=\"246\" srcset=\"https:\/\/www.giurgiuveanul.ro\/stiri\/wp-content\/uploads\/2023\/02\/descarcare.jpg 344w, https:\/\/www.giurgiuveanul.ro\/stiri\/wp-content\/uploads\/2023\/02\/descarcare-250x106.jpg 250w\" sizes=\"auto, (max-width: 580px) 100vw, 580px\" \/><\/a>Am primit pe adresa redac\u0163iei<!--more--> un memoriu din partea unui grup de cadre didactice de la Liceul \u201dTiu Dumitrescu\u201d, din ora\u0219ul Mih\u0103ile\u0219ti, pe care vi-l prezent\u0103m \u00een cele ce urmeaz\u0103.<\/strong><\/p>\n<p style=\"text-align: justify;\"><em>\u201eDirectoarea Liceului \u201dTiu Dumitrescu \u201d din ora\u0219ul Mih\u0103ile\u0219ti, jude\u021bul Giurgiu, Bulai Dorina a scos\u00a0 la concurs dou\u0103 posturi contractuale nedidactice, unul de Administrator financiar \u0219i altul de administrator de patrimoniu. De re\u021binut c\u0103 administratorul financiar este angajat de aproximativ 2 ani la liceu, f\u0103r\u0103 concurs \u0219i mai pred\u0103 \u0219i ore la clas\u0103 ca \u0219i profesor suplinitor. Administratorul de patrimoniu a fost \u0219i el angajat f\u0103r\u0103 concurs, dar dup\u0103 o perioad\u0103 a fost trimis acas\u0103, pentru a i se scoate postul la concurs.<\/em><\/p>\n<p style=\"text-align: justify;\"><em>Conform Ordinului nr. 4183\/2022 pentru aprobarea Regulamentului-cadrul de organizare \u0219i func\u021bionare a unit\u0103\u021bilor din \u00eenv\u0103\u021b\u0103m\u00e2ntul preuniversitar, care se refer\u0103, conform art. 48 alin.2 la oganizarea \u0219i desf\u0103\u0219urarea concursurilor de ocupare a posturilor nedidactice dinr-o unitate de \u00eenv\u0103\u021b\u0103m\u00e2nt, sunt coordonate de director. Consiliul de administra\u021bie al unit\u0103\u021bii de \u00eenv\u0103\u021b\u0103m\u00e2nt aproba comisiile de concurs \u0219i valideaz\u0103 rezultatele concursului.<\/em><\/p>\n<p style=\"text-align: justify;\"><em>Mai mult, art. 48 alin.3 spune clar c\u0103 angajarea personalului nedidactic \u00een unit\u0103\u021bile de \u00eenv\u0103\u021b\u0103m\u00e2nt\u00a0 cu personalitate juridic\u0103 se face de c\u0103tre director, cu aprobarea consiliului de administra\u021bie.<\/em><\/p>\n<p style=\"text-align: justify;\"><em>Dar acum intervine ileglitatea (falsurile) f\u0103cute de directorul Bulai Dorina. \u0218edin\u021ba pentru aprobarea celor 2 posturi de Administrator financiar \u0219i Administrator de patrimoniu\u00a0 nu a avut cvorum. Din cei 13 membri, au fost prezen\u021bi doar 6 membri, plus liderul de sindicat al liceului, \u00eenv\u0103\u021b\u0103tor Bogdan Florica, care nu are drept de vot.<\/em><\/p>\n<p style=\"text-align: justify;\"><em>Dup\u0103 \u00eencheierea \u0219edin\u021bei \u0219i dup\u0103 semnarea procesului-verbal de c\u0103tre cei 6 membri prezen\u021bi, directorul Bulai Dorina a obligat-o pe cea care a scris procesul-verbal s\u0103 completeze \u0219i cu postul de administrator financiar, care nu fusese pe ordinea de zi, ca \u0219i c\u00e2nd s-ar fi discutat \u00een prezenta \u0219edin\u021b\u0103. Dar \u0219i dup\u0103 acest fals, trebuia rezolvat\u0103 problem cu cvorumul. A\u0219a c\u0103, directorul Bulai Dorina a luat procesul-verbal al \u0219edin\u021bei \u0219i s-a deplasat \u00een satul Pope\u0219ti, la profesorul Niculae Cristina care este membru \u00een consiliul de administra\u021bie, dar care nu a fost prezent\u0103. A obligat-o pe acesta s\u0103 semneze procesul-verbal, spun\u00e2ndu-i c\u0103 e ceva urgent \u0219i trebuie rezolvat.<\/em><\/p>\n<p style=\"text-align: justify;\"><em>\u0218i uite a\u0219a, directorul Bulai Dorina a reu\u0219it s\u0103 mai comit\u0103 o ilegalitate, pentru c\u0103, <\/em>dup\u0103 spusele multor cadre didactice din Liceul \u201eTiu Dumitrescu\u201d &#8211; Mih\u0103ile\u0219ti<em>, nu este la prima abatere\u201d,<\/em> se arat\u0103 \u00een peti\u0163ia profesorilor.<\/p>\n<p style=\"text-align: justify;\"><strong>Supunem aceast\u0103 sesizare aten\u0163iei inspectorului general al Inspectoratului \u015ecolar Jude\u0163ean Giurgiu dar \u015fi celorlalte organe abilitate pentru a se face lumin\u0103 \u00een acest caz.<\/strong><\/p>\n<p style=\"text-align: justify;\"><strong>Vom reveni cu detalii.<\/strong><\/p>\n","protected":false},"excerpt":{"rendered":"<p>Am primit pe adresa redac\u0163iei<\/p>\n","protected":false},"author":1,"featured_media":0,"comment_status":"open","ping_status":"open","sticky":false,"template":"","format":"standard","meta":{"footnotes":""},"categories":[6],"tags":[],"class_list":["post-95820","post","type-post","status-publish","format-standard","hentry","category-breaking-news"],"_links":{"self":[{"href":"https:\/\/www.giurgiuveanul.ro\/stiri\/wp-json\/wp\/v2\/posts\/95820","targetHints":{"allow":["GET"]}}],"collection":[{"href":"https:\/\/www.giurgiuveanul.ro\/stiri\/wp-json\/wp\/v2\/posts"}],"about":[{"href":"https:\/\/www.giurgiuveanul.ro\/stiri\/wp-json\/wp\/v2\/types\/post"}],"author":[{"embeddable":true,"href":"https:\/\/www.giurgiuveanul.ro\/stiri\/wp-json\/wp\/v2\/users\/1"}],"replies":[{"embeddable":true,"href":"https:\/\/www.giurgiuveanul.ro\/stiri\/wp-json\/wp\/v2\/comments?post=95820"}],"version-history":[{"count":0,"href":"https:\/\/www.giurgiuveanul.ro\/stiri\/wp-json\/wp\/v2\/posts\/95820\/revisions"}],"wp:attachment":[{"href":"https:\/\/www.giurgiuveanul.ro\/stiri\/wp-json\/wp\/v2\/media?parent=95820"}],"wp:term":[{"taxonomy":"category","embeddable":true,"href":"https:\/\/www.giurgiuveanul.ro\/stiri\/wp-json\/wp\/v2\/categories?post=95820"},{"taxonomy":"post_tag","embeddable":true,"href":"https:\/\/www.giurgiuveanul.ro\/stiri\/wp-json\/wp\/v2\/tags?post=95820"}],"curies":[{"name":"wp","href":"https:\/\/api.w.org\/{rel}","templated":true}]}}