{"id":95825,"date":"2023-02-21T15:19:11","date_gmt":"2023-02-21T13:19:11","guid":{"rendered":"https:\/\/www.giurgiuveanul.ro\/stiri\/?p=95825"},"modified":"2023-02-21T15:23:44","modified_gmt":"2023-02-21T13:23:44","slug":"reactie-prompta-a-inspectorului-general-al-isj-giurgiu-profesor-ion-ghimpeteanu-in-cazul-scandalului-de-la-liceul-din-mihailesti","status":"publish","type":"post","link":"https:\/\/www.giurgiuveanul.ro\/stiri\/reactie-prompta-a-inspectorului-general-al-isj-giurgiu-profesor-ion-ghimpeteanu-in-cazul-scandalului-de-la-liceul-din-mihailesti\/","title":{"rendered":"Reac\u0163ie prompt\u0103 a inspectorului general al I\u015eJ Giurgiu, profesor Ion Ghimpe\u0163eanu, \u00een cazul \u201escandalului\u201d de la Liceul din Mih\u0103ile\u015fti"},"content":{"rendered":"<p style=\"text-align: justify;\"><strong><a href=\"https:\/\/www.giurgiuveanul.ro\/stiri\/wp-content\/uploads\/2023\/02\/Ion-Ghimpeteanu.jpg\"><img loading=\"lazy\" decoding=\"async\" class=\"aligncenter wp-image-95826\" src=\"https:\/\/www.giurgiuveanul.ro\/stiri\/wp-content\/uploads\/2023\/02\/Ion-Ghimpeteanu-533x450.jpg\" alt=\"\" width=\"576\" height=\"486\" srcset=\"https:\/\/www.giurgiuveanul.ro\/stiri\/wp-content\/uploads\/2023\/02\/Ion-Ghimpeteanu-533x450.jpg 533w, https:\/\/www.giurgiuveanul.ro\/stiri\/wp-content\/uploads\/2023\/02\/Ion-Ghimpeteanu-250x211.jpg 250w, https:\/\/www.giurgiuveanul.ro\/stiri\/wp-content\/uploads\/2023\/02\/Ion-Ghimpeteanu-768x649.jpg 768w, https:\/\/www.giurgiuveanul.ro\/stiri\/wp-content\/uploads\/2023\/02\/Ion-Ghimpeteanu-400x338.jpg 400w, https:\/\/www.giurgiuveanul.ro\/stiri\/wp-content\/uploads\/2023\/02\/Ion-Ghimpeteanu.jpg 1084w\" sizes=\"auto, (max-width: 576px) 100vw, 576px\" \/><\/a>Dup\u0103 apari\u0163ia articolului din \u201eGiurgiuveanul\u201d,<!--more--> reac\u0163ia conducerii Inspectoratului \u015ecolar Jude\u0163ean Giurgiu a fost una prompt\u0103.<\/strong><\/p>\n<p style=\"text-align: justify;\">Astfel, Liceul \u201dTiu Dumitrescu\u201d, din ora\u0219ul Mih\u0103ile\u0219ti, va face obiectul unei inspec\u0163ii generale ce va fi efectuat\u0103 de reprezentan\u0163ii Inspectoratului \u015ecolar Jude\u0163ean <em>(I\u015eJ)<\/em> Giurgiu.<\/p>\n<p style=\"text-align: justify;\"><em>\u201e\u00cen perioada 6-17 martie a.c., Inspectoratul \u015ecolar Jude\u0163ean Giurgiu va \u00eentreprinde o inspec\u0163ie general\u0103, \u00een care se va se verific\u0103 absolut tot\u201d,<\/em> a declarat, pentru \u201eGiurgiuveanul\u201d, <strong>profesor Ion Ghimpe\u0163eanu<\/strong> <em>(foto)<\/em>, \u00a0inspectorul \u015fcolar general, care a mai precizat c\u0103 <em>\u201eacest control va verifica at\u00e2t actul educa\u0163ional, c\u00e2t \u015fi activitatea conducerii Liceului \u201dTiu Dumitrescu\u201d, din ora\u015ful Mih\u0103ile\u015fti\u201d. <\/em><\/p>\n<p style=\"text-align: justify;\"><strong>V\u0103 vom \u0163ine la curent cu rezultatele acestui control.<\/strong><\/p>\n","protected":false},"excerpt":{"rendered":"<p>Dup\u0103 apari\u0163ia articolului din \u201eGiurgiuveanul\u201d,<\/p>\n","protected":false},"author":1,"featured_media":0,"comment_status":"open","ping_status":"open","sticky":false,"template":"","format":"standard","meta":{"footnotes":""},"categories":[6],"tags":[],"class_list":["post-95825","post","type-post","status-publish","format-standard","hentry","category-breaking-news"],"_links":{"self":[{"href":"https:\/\/www.giurgiuveanul.ro\/stiri\/wp-json\/wp\/v2\/posts\/95825","targetHints":{"allow":["GET"]}}],"collection":[{"href":"https:\/\/www.giurgiuveanul.ro\/stiri\/wp-json\/wp\/v2\/posts"}],"about":[{"href":"https:\/\/www.giurgiuveanul.ro\/stiri\/wp-json\/wp\/v2\/types\/post"}],"author":[{"embeddable":true,"href":"https:\/\/www.giurgiuveanul.ro\/stiri\/wp-json\/wp\/v2\/users\/1"}],"replies":[{"embeddable":true,"href":"https:\/\/www.giurgiuveanul.ro\/stiri\/wp-json\/wp\/v2\/comments?post=95825"}],"version-history":[{"count":0,"href":"https:\/\/www.giurgiuveanul.ro\/stiri\/wp-json\/wp\/v2\/posts\/95825\/revisions"}],"wp:attachment":[{"href":"https:\/\/www.giurgiuveanul.ro\/stiri\/wp-json\/wp\/v2\/media?parent=95825"}],"wp:term":[{"taxonomy":"category","embeddable":true,"href":"https:\/\/www.giurgiuveanul.ro\/stiri\/wp-json\/wp\/v2\/categories?post=95825"},{"taxonomy":"post_tag","embeddable":true,"href":"https:\/\/www.giurgiuveanul.ro\/stiri\/wp-json\/wp\/v2\/tags?post=95825"}],"curies":[{"name":"wp","href":"https:\/\/api.w.org\/{rel}","templated":true}]}}