{"id":95831,"date":"2023-02-21T16:15:53","date_gmt":"2023-02-21T14:15:53","guid":{"rendered":"https:\/\/www.giurgiuveanul.ro\/stiri\/?p=95831"},"modified":"2023-02-21T16:19:59","modified_gmt":"2023-02-21T14:19:59","slug":"centrul-educational-matemanie-in-parteneriat-cu-liceul-teoretic-marin-preda-lanseaza-concursul-national-de-matematica-matemaniada","status":"publish","type":"post","link":"https:\/\/www.giurgiuveanul.ro\/stiri\/centrul-educational-matemanie-in-parteneriat-cu-liceul-teoretic-marin-preda-lanseaza-concursul-national-de-matematica-matemaniada\/","title":{"rendered":"Centrul educa\u021bional Matemanie+, \u00een parteneriat cu Liceul Teoretic Marin Preda, lanseaz\u0103 concursul na\u021bional de matematic\u0103 Matemaniada"},"content":{"rendered":"<p style=\"text-align: justify;\"><strong><a href=\"https:\/\/www.giurgiuveanul.ro\/stiri\/wp-content\/uploads\/2023\/02\/Matemaniada.jpg\"><img loading=\"lazy\" decoding=\"async\" class=\"aligncenter wp-image-95832\" src=\"https:\/\/www.giurgiuveanul.ro\/stiri\/wp-content\/uploads\/2023\/02\/Matemaniada-450x450.jpg\" alt=\"\" width=\"567\" height=\"567\" srcset=\"https:\/\/www.giurgiuveanul.ro\/stiri\/wp-content\/uploads\/2023\/02\/Matemaniada-450x450.jpg 450w, https:\/\/www.giurgiuveanul.ro\/stiri\/wp-content\/uploads\/2023\/02\/Matemaniada-250x250.jpg 250w, https:\/\/www.giurgiuveanul.ro\/stiri\/wp-content\/uploads\/2023\/02\/Matemaniada-768x768.jpg 768w, https:\/\/www.giurgiuveanul.ro\/stiri\/wp-content\/uploads\/2023\/02\/Matemaniada-200x200.jpg 200w, https:\/\/www.giurgiuveanul.ro\/stiri\/wp-content\/uploads\/2023\/02\/Matemaniada-400x400.jpg 400w, https:\/\/www.giurgiuveanul.ro\/stiri\/wp-content\/uploads\/2023\/02\/Matemaniada.jpg 1080w\" sizes=\"auto, (max-width: 567px) 100vw, 567px\" \/><\/a>Matemanie+, centrul educa\u021bional unde peste 7.000 de elevi<!--more--> s-au preg\u0103tit \u00een ultimii \u015fapte ani la matematic\u0103, al\u0103turi de Liceul Teoretic Marin Preda, lanseaz\u0103 Matemaniada, un proiect \u00een care competi\u021bia devine un prilej pentru dezvoltarea \u00eencrederii de sine \u0219i pentru stimularea interesului pentru matematic\u0103.<\/strong><\/p>\n<p style=\"text-align: justify;\">Concursul are loc online, pe platforma matemaniada.ro \u0219i se adreseaz\u0103 elevilor din clasele II-VI. Etapa I are loc pe 18 martie, cu \u00eencepere oric\u00e2nd \u00eentre orele 09:00 \u0219i 16:00, iar \u00eenscrierile pentru concurs se realizeaz\u0103 de c\u0103tre profesori sau p\u0103rin\u021bi pe matemaniada.ro, p\u00e2n\u0103 la data de 16 martie. Participan\u021bii au dou\u0103 ore la dispozi\u021bie pentru a rezolva cele 20 de probleme cu r\u0103spuns multiplu. Dup\u0103 c\u00e2teva zile de la \u00eencheierea probei de concurs, profesorii care au redactat subiectele vor sus\u021bine un webinar live de rezolvare \u0219i explicare a acestora.<\/p>\n<p style=\"text-align: justify;\">Concursul reprezint\u0103 ini\u021biativa centrului Matemanie+ \u0219i a celor dou\u0103 profesoare fondatoare: Florina Baciu, antrenoare de olimpici la matematic\u0103 \u0219i \u00eenv\u0103\u021b\u0103toare la Liceul Marin Preda din Bucure\u0219ti \u0219i Aida Frujin\u0103, profesor Merito \u0219i \u00eenv\u0103\u021b\u0103toare la \u0219coala 195 din Bucure\u0219ti.<\/p>\n<p style=\"text-align: justify;\"><strong>Cristi Baciu,<\/strong> managerul proiectului, \u00ee\u0219i dore\u0219te s\u0103 schimbe paradigma concursurilor \u0219colare: <em>\u201eVreau s\u0103-i \u00eenv\u0103\u021b\u0103m pe copii s\u0103 trateze momentele importante \u00een via\u021b\u0103 cu deschidere \u0219i luciditate. Cred c\u0103 dac\u0103 suntem al\u0103turi de ei \u0219i le antren\u0103m curajul \u0219i voin\u021ba prin astfel de ini\u021biative, avem \u00een fa\u021b\u0103 o genera\u021bie mai preg\u0103tit\u0103 ca oricare alta pentru provoc\u0103rile viitorului.\u201d<\/em><\/p>\n<p style=\"text-align: justify;\">Pentru a transforma Matemaniada \u00eentr-un proces de \u00eenv\u0103\u021bare, Florina Baciu \u0219i ceilal\u021bi profesori responsabili de redactarea subiectelor de concurs le vor rezolva la sf\u00e2r\u0219itul competi\u021biei, \u00eempreun\u0103 cu copiii, \u00een cadrul unui webinar: <em>\u201e\u00cemi doresc ca acest concurs s\u0103 r\u0103spund\u0103 a\u0219tept\u0103rilor elevilor, dar \u0219i p\u0103rin\u021bilor \u0219i profesorilor lor. S\u0103 fie o competi\u021bie s\u0103n\u0103toas\u0103, de maturizare emo\u021bional\u0103, de valorificare a interesului pentru matematic\u0103.\u201d<\/em><\/p>\n<p style=\"text-align: justify;\">Pentru <strong>Aida Frujin\u0103<\/strong>, acest concurs nu are drept miz\u0103 simpla competi\u021bie sau diplomele: <em>\u201eLa ce ar folosi un concurs de matematic\u0103 \u00een educa\u021bia unui copil? Nu, nu pentru diplome sau premii. P\u0103rinte sau profesor \u00een\u021belept, demonstreaz\u0103-i copilului c\u0103 provoc\u0103rile nu trebuie privite cu team\u0103, ci ca o oportunitate de a se motiva \u0219i autoevalua.\u201d <\/em><\/p>\n<p style=\"text-align: justify;\">Participan\u021bii pot fi elevi de la unita\u0306t\u0326ile de i\u0302nva\u0306t\u0326a\u0306ma\u0302nt preuniversitar din Roma\u0302nia, precum \u0219i orice al\u021bi elevi rom\u00e2ni care studiaz\u0103 \u00een afara Rom\u00e2niei sau \u00een regim de homeschooling. \u00censcrierea la concurs poate fi realizat\u0103 at\u00e2t de c\u0103tre profesori, c\u00e2t \u0219i de c\u0103tre p\u0103rin\u021bi pe platforma matemaniada.ro. P\u0103rin\u021bii sunt \u00eencuraja\u021bi s\u0103 se implice direct \u0219i s\u0103 le fie al\u0103turi celor mici pe tot parcursul acestei experien\u021be formative.<\/p>\n<p style=\"text-align: justify;\">\u00cen doar 14 zile, s-au \u00eenscris peste 20.000 de elevi din peste 500 de \u0219coli.<\/p>\n","protected":false},"excerpt":{"rendered":"<p>Matemanie+, centrul educa\u021bional unde peste 7.000 de elevi<\/p>\n","protected":false},"author":1,"featured_media":0,"comment_status":"open","ping_status":"open","sticky":false,"template":"","format":"standard","meta":{"footnotes":""},"categories":[6],"tags":[],"class_list":["post-95831","post","type-post","status-publish","format-standard","hentry","category-breaking-news"],"_links":{"self":[{"href":"https:\/\/www.giurgiuveanul.ro\/stiri\/wp-json\/wp\/v2\/posts\/95831","targetHints":{"allow":["GET"]}}],"collection":[{"href":"https:\/\/www.giurgiuveanul.ro\/stiri\/wp-json\/wp\/v2\/posts"}],"about":[{"href":"https:\/\/www.giurgiuveanul.ro\/stiri\/wp-json\/wp\/v2\/types\/post"}],"author":[{"embeddable":true,"href":"https:\/\/www.giurgiuveanul.ro\/stiri\/wp-json\/wp\/v2\/users\/1"}],"replies":[{"embeddable":true,"href":"https:\/\/www.giurgiuveanul.ro\/stiri\/wp-json\/wp\/v2\/comments?post=95831"}],"version-history":[{"count":0,"href":"https:\/\/www.giurgiuveanul.ro\/stiri\/wp-json\/wp\/v2\/posts\/95831\/revisions"}],"wp:attachment":[{"href":"https:\/\/www.giurgiuveanul.ro\/stiri\/wp-json\/wp\/v2\/media?parent=95831"}],"wp:term":[{"taxonomy":"category","embeddable":true,"href":"https:\/\/www.giurgiuveanul.ro\/stiri\/wp-json\/wp\/v2\/categories?post=95831"},{"taxonomy":"post_tag","embeddable":true,"href":"https:\/\/www.giurgiuveanul.ro\/stiri\/wp-json\/wp\/v2\/tags?post=95831"}],"curies":[{"name":"wp","href":"https:\/\/api.w.org\/{rel}","templated":true}]}}