{"id":95839,"date":"2023-02-21T16:34:53","date_gmt":"2023-02-21T14:34:53","guid":{"rendered":"https:\/\/www.giurgiuveanul.ro\/stiri\/?p=95839"},"modified":"2023-02-21T16:34:53","modified_gmt":"2023-02-21T14:34:53","slug":"doua-persoane-sunt-cercetate-pentru-furt-calificat","status":"publish","type":"post","link":"https:\/\/www.giurgiuveanul.ro\/stiri\/doua-persoane-sunt-cercetate-pentru-furt-calificat\/","title":{"rendered":"Dou\u0103 persoane sunt cercetate pentru furt calificat"},"content":{"rendered":"<p style=\"text-align: justify;\"><strong><a href=\"https:\/\/www.giurgiuveanul.ro\/stiri\/wp-content\/uploads\/2023\/02\/pol-rom.jpg\"><img loading=\"lazy\" decoding=\"async\" class=\"aligncenter  wp-image-95491\" src=\"https:\/\/www.giurgiuveanul.ro\/stiri\/wp-content\/uploads\/2023\/02\/pol-rom-560x316.jpg\" alt=\"\" width=\"572\" height=\"323\" srcset=\"https:\/\/www.giurgiuveanul.ro\/stiri\/wp-content\/uploads\/2023\/02\/pol-rom-560x316.jpg 560w, https:\/\/www.giurgiuveanul.ro\/stiri\/wp-content\/uploads\/2023\/02\/pol-rom-250x141.jpg 250w, https:\/\/www.giurgiuveanul.ro\/stiri\/wp-content\/uploads\/2023\/02\/pol-rom-768x433.jpg 768w, https:\/\/www.giurgiuveanul.ro\/stiri\/wp-content\/uploads\/2023\/02\/pol-rom-400x226.jpg 400w, https:\/\/www.giurgiuveanul.ro\/stiri\/wp-content\/uploads\/2023\/02\/pol-rom.jpg 780w\" sizes=\"auto, (max-width: 572px) 100vw, 572px\" \/><\/a>Poli\u021bi\u0219tii<!--more--> Sec\u021biei nr. 1 Poli\u021bie Rural\u0103 C\u0103lug\u0103reni au fost sesiza\u021bi, la data de 20 februarie a.c., ora 02.25, \u00a0prin S.N.U.A.U 112, de c\u0103tre un b\u0103rbat, din comuna Aduna\u021bii Cop\u0103ceni, jude\u021bul Giurgiu, cu privire la faptul c\u0103, \u00een noaptea de 20 februarie a.c., ora 02:20 a surprins dou\u0103 persoane de sex masculin, \u00een timp ce sustr\u0103geau motorin\u0103 din rezervorul unui autotren,<\/strong> <em>informeaz\u0103 IPJ Giurgiu.<\/em><\/p>\n<p style=\"text-align: justify;\">\u00cen temeiul sesiz\u0103rii, la fa\u021ba locului s-au deplasat poli\u021bi\u0219tii, care au constatat faptul c\u0103 aspectele sesizate se confirm\u0103, iar, din primele cercet\u0103ri, a reie\u0219it faptul c\u0103, dup\u0103 ce ar fi fost surpinse de c\u0103tre apelant, cele dou\u0103 persoane ar fi abandonat, \u00een parcarea din apropierea unei sta\u021bii peco, din comuna Aduna\u021bii Cop\u0103ceni, jude\u021bul Giurgiu, nou\u0103 canistre cu motorin\u0103.<\/p>\n<p style=\"text-align: justify;\">\u00cen urma cercet\u0103rilor efectuate, cele dou\u0103 persoane au fost identificate, ca fiind doi b\u0103rba\u021bi, de 28 \u0219i 35 de ani, din comuna Letca Nou\u0103, jude\u021bul Giurgiu, respectiv ora\u0219ul Bragadiru, jude\u021bul Ilfov.<\/p>\n<p style=\"text-align: justify;\">La data de 20 februarie a.c., pe baza probatoriului administrat, sub coordonarea procurorului din cadrul Parchetului de pe l\u00e2ng\u0103 Judec\u0103toria Giurgiu, cei doi b\u0103rba\u021bi b\u0103nui\u021bi de s\u0103v\u00e2r\u0219irea infrac\u021biunii de furt calificat au fost re\u021binu\u021bi, pentru 24 de ore, urm\u00e2nd ca ast\u0103zi, ace\u0219tia s\u0103 fie prezenta\u021bi instan\u021bei de judecat\u0103, cu propuneri procedurale.<\/p>\n","protected":false},"excerpt":{"rendered":"<p>Poli\u021bi\u0219tii<\/p>\n","protected":false},"author":1,"featured_media":0,"comment_status":"open","ping_status":"open","sticky":false,"template":"","format":"standard","meta":{"footnotes":""},"categories":[6],"tags":[],"class_list":["post-95839","post","type-post","status-publish","format-standard","hentry","category-breaking-news"],"_links":{"self":[{"href":"https:\/\/www.giurgiuveanul.ro\/stiri\/wp-json\/wp\/v2\/posts\/95839","targetHints":{"allow":["GET"]}}],"collection":[{"href":"https:\/\/www.giurgiuveanul.ro\/stiri\/wp-json\/wp\/v2\/posts"}],"about":[{"href":"https:\/\/www.giurgiuveanul.ro\/stiri\/wp-json\/wp\/v2\/types\/post"}],"author":[{"embeddable":true,"href":"https:\/\/www.giurgiuveanul.ro\/stiri\/wp-json\/wp\/v2\/users\/1"}],"replies":[{"embeddable":true,"href":"https:\/\/www.giurgiuveanul.ro\/stiri\/wp-json\/wp\/v2\/comments?post=95839"}],"version-history":[{"count":0,"href":"https:\/\/www.giurgiuveanul.ro\/stiri\/wp-json\/wp\/v2\/posts\/95839\/revisions"}],"wp:attachment":[{"href":"https:\/\/www.giurgiuveanul.ro\/stiri\/wp-json\/wp\/v2\/media?parent=95839"}],"wp:term":[{"taxonomy":"category","embeddable":true,"href":"https:\/\/www.giurgiuveanul.ro\/stiri\/wp-json\/wp\/v2\/categories?post=95839"},{"taxonomy":"post_tag","embeddable":true,"href":"https:\/\/www.giurgiuveanul.ro\/stiri\/wp-json\/wp\/v2\/tags?post=95839"}],"curies":[{"name":"wp","href":"https:\/\/api.w.org\/{rel}","templated":true}]}}